{"id":800,"date":"2025-02-05T14:17:05","date_gmt":"2025-02-05T14:17:05","guid":{"rendered":"https:\/\/lightingspain.com\/es\/blog\/?p=800"},"modified":"2025-03-20T16:39:05","modified_gmt":"2025-03-20T16:39:05","slug":"tendencias-iluminacion","status":"publish","type":"post","link":"https:\/\/lightingspain.com\/blog\/tendencias-iluminacion\/","title":{"rendered":"5 tendencias de iluminaci\u00f3n para 2019"},"content":{"rendered":"<p>Ya hemos consumido un mes de este a\u00f1o, y<strong> las tendencias de iluminaci\u00f3n<\/strong> empiezan a consolidarse.<br \/>\nAlgunas de las modas de a\u00f1os anteriores van quedando atr\u00e1s, dejando paso a nuevas ideas, otras se mantienen y tambi\u00e9n algunas que regresan.<br \/>\n<strong>La iluminaci\u00f3n es una parte m\u00e1s de la decoraci\u00f3n<\/strong>, y cualquier dise\u00f1ador de interiores te se\u00f1alar\u00e1 que el correcto uso de la misma es capaz de cambiar el aspecto de una estancia.<br \/>\n<!--more--><br \/>\nEn este art\u00edculo vamos a hablarte de cinco tendencias que van a dar mucho que hablar a lo largo del a\u00f1o, y que encontrar\u00e1s en cat\u00e1logos y tiendas.<\/p>\n<h2><strong>Las tendencias de iluminaci\u00f3n de 2019<\/strong><\/h2>\n<h4>Los materiales org\u00e1nicos<\/h4>\n<p>Si hay algo que decir de <strong>los materiales org\u00e1nico<\/strong>s es que nunca pasan de moda: puede que un estilo determinado en l\u00e1mparas de fibras naturales no sea tendencia durante una \u00e9poca, o puede que un material concreto no se trabaje demasiado durante un tiempo, pero si hablamos de l\u00e1mparas hechas con materiales naturales, hablamos de productos duraderos y, generalmente, de calidad.<br \/>\n<strong>\u00c9tnico<\/strong> es una l\u00e1mpara de techo realizada en celulosa, lo que le dota de gran ligereza.<br \/>\nAdem\u00e1s,\u00a0su venta online es 100% exclusiva en LightingSpain, y cuenta con la ventaja de que los materiales naturales combinan pr\u00e1cticamente con cualquier tipo de decoraci\u00f3n que quieras utilizar.<br \/>\n<a href=\"http:\/\/lightingspain.com\"><img loading=\"lazy\" decoding=\"async\" class=\"aligncenter wp-image-3314 size-full\" src=\"https:\/\/lightingspain.com\/blog\/wp-content\/uploads\/2021\/09\/Te-regalamos-10-\u20ac-en-tu-primer-pedido-1.png\" alt=\"Oferta especial lamparas cupon descuento\" width=\"2000\" height=\"1000\" srcset=\"https:\/\/lightingspain.com\/blog\/wp-content\/uploads\/2021\/09\/Te-regalamos-10-\u20ac-en-tu-primer-pedido-1.png 2000w, https:\/\/lightingspain.com\/blog\/wp-content\/uploads\/2021\/09\/Te-regalamos-10-\u20ac-en-tu-primer-pedido-1-300x150.png 300w, https:\/\/lightingspain.com\/blog\/wp-content\/uploads\/2021\/09\/Te-regalamos-10-\u20ac-en-tu-primer-pedido-1-1024x512.png 1024w, https:\/\/lightingspain.com\/blog\/wp-content\/uploads\/2021\/09\/Te-regalamos-10-\u20ac-en-tu-primer-pedido-1-768x384.png 768w, https:\/\/lightingspain.com\/blog\/wp-content\/uploads\/2021\/09\/Te-regalamos-10-\u20ac-en-tu-primer-pedido-1-1536x768.png 1536w, https:\/\/lightingspain.com\/blog\/wp-content\/uploads\/2021\/09\/Te-regalamos-10-\u20ac-en-tu-primer-pedido-1-1920x960.png 1920w, https:\/\/lightingspain.com\/blog\/wp-content\/uploads\/2021\/09\/Te-regalamos-10-\u20ac-en-tu-primer-pedido-1-1170x585.png 1170w, https:\/\/lightingspain.com\/blog\/wp-content\/uploads\/2021\/09\/Te-regalamos-10-\u20ac-en-tu-primer-pedido-1-585x293.png 585w\" sizes=\"(max-width: 2000px) 100vw, 2000px\" \/><\/a><br \/>\nSi lo que necesitas es hacer destacar un pasillo, o iluminar bien una parte de una estancia, un aplique de pared de materiales org\u00e1nicos es lo que necesitas.<br \/>\nLos peque\u00f1os apliques met\u00e1licos dejan paso a las formas redondeadas y que acaparan todo el espacio de la pared con su dise\u00f1o y con la luz que proyectan.<br \/>\nLa madera de roble es aqu\u00ed la que cobra protagonismo, siendo no solo una fuente de luz, sino un objeto decorativo -te estamos hablando del <strong>aplique <a href=\"https:\/\/lightingspain.com\/41600-lampara-de-pared-led-en-roble-natural-regulable-triac-tria-set-6-8-luces-bover.html\">Tria<\/a> de Bover Barcelona-.<\/strong><br \/>\n<a href=\"https:\/\/lightingspain.com\/41600-lampara-de-pared-led-en-roble-natural-regulable-triac-tria-set-6-8-luces-bover.html\"><img loading=\"lazy\" decoding=\"async\" class=\"alignnone\" src=\"https:\/\/lightingspain.com\/wp\/wp-content\/uploads\/2019\/02\/TRIA_BOVER.jpg\" alt=\"\" width=\"800\" height=\"547\" \/><\/a><em>Visita el producto en nuestra tienda: <strong><a href=\"https:\/\/lightingspain.com\/41600-lampara-de-pared-led-en-roble-natural-regulable-triac-tria-set-6-8-luces-bover.html\">Aplique de pared, Tria<\/a><\/strong><\/em><\/p>\n<p>Ya te habr\u00e1s dado cuenta de que las formas asim\u00e9tricas y con cierto toque de excentricidad van a tener un gran protagonismo.<br \/>\nEs el caso de <b>Aros<\/b>, donde los aros conc\u00e9ntricos de madera convergen en un llamativo punto de luz lleno de profundidad.<br \/>\n<a href=\"https:\/\/lightingspain.com\/eu\/173538-aros-nexia-wall-light.html\"><img loading=\"lazy\" decoding=\"async\" class=\"aligncenter size-full wp-image-4957\" src=\"https:\/\/lightingspain.com\/blog\/wp-content\/uploads\/2019\/02\/aros-nexia-wall-light.jpg\" alt=\"\" width=\"800\" height=\"947\" srcset=\"https:\/\/lightingspain.com\/blog\/wp-content\/uploads\/2019\/02\/aros-nexia-wall-light.jpg 800w, https:\/\/lightingspain.com\/blog\/wp-content\/uploads\/2019\/02\/aros-nexia-wall-light-253x300.jpg 253w, https:\/\/lightingspain.com\/blog\/wp-content\/uploads\/2019\/02\/aros-nexia-wall-light-768x909.jpg 768w, https:\/\/lightingspain.com\/blog\/wp-content\/uploads\/2019\/02\/aros-nexia-wall-light-585x692.jpg 585w\" sizes=\"(max-width: 800px) 100vw, 800px\" \/><\/a><em>Visita el producto en nuestra tienda: <strong><a href=\"https:\/\/lightingspain.com\/eu\/173538-aros-nexia-wall-light.html\">Aplique de pared, Aros<\/a><\/strong><\/em><br \/>\nSiguiendo con las l\u00e1mparas con pantalla de madera, <strong>Ama<\/strong> est\u00e1 realizada con un cuerpo en chapa de madera natural.<br \/>\nSu dise\u00f1o tiene una clara <strong>inspiraci\u00f3n en las luminarias japonesas tradicionales<\/strong>, incorporando tecnolog\u00eda Bluetooth, para poder regularla c\u00f3modamente desde cualquier punto de la habitaci\u00f3n.<br \/>\n<a href=\"https:\/\/lightingspain.com\/eu\/185847-ama-luxcambra-pendant-light.html\"><img loading=\"lazy\" decoding=\"async\" class=\"aligncenter size-full wp-image-4959\" src=\"https:\/\/lightingspain.com\/blog\/wp-content\/uploads\/2019\/02\/lamparas-suspension-ama-small1.jpg\" alt=\"\" width=\"800\" height=\"748\" srcset=\"https:\/\/lightingspain.com\/blog\/wp-content\/uploads\/2019\/02\/lamparas-suspension-ama-small1.jpg 800w, https:\/\/lightingspain.com\/blog\/wp-content\/uploads\/2019\/02\/lamparas-suspension-ama-small1-300x281.jpg 300w, https:\/\/lightingspain.com\/blog\/wp-content\/uploads\/2019\/02\/lamparas-suspension-ama-small1-768x718.jpg 768w, https:\/\/lightingspain.com\/blog\/wp-content\/uploads\/2019\/02\/lamparas-suspension-ama-small1-585x547.jpg 585w\" sizes=\"(max-width: 800px) 100vw, 800px\" \/><\/a><\/p>\n<p><em>Visita el producto en nuestra tienda: <a href=\"https:\/\/lightingspain.com\/eu\/185847-ama-luxcambra-pendant-light.html\"><strong>L\u00e1mpara colgante, Ama<\/strong><\/a><\/em><\/p>\n<h4>La madera sin apenas tratamiento<\/h4>\n<p>Dentro de las l\u00e1mparas de madera, una de las tendencias de iluminaci\u00f3n en 2019 es la de que\u00a0se muestre poco o nada tratada, imitando el estado m\u00e1s r\u00fastica y salvaje de la misma, en equilibrio con la suavidad de la luz.<br \/>\nSi te fijas en los detalles de <a href=\"https:\/\/lightingspain.com\/24357-sabina-lampara-2-luces.html\"><strong>la colecci\u00f3n Sabina de Mantra<\/strong><\/a>, ver\u00e1s que se ha cuidado al mil\u00edmetro esta manera de trabajar, ofreciendo l\u00e1mparas de pared, techo, sobremesa&#8230; que te ayudar\u00e1n a crear un efecto acogedor.<br \/>\nAdem\u00e1s, el lino con que est\u00e1n realizadas las pantallas filtra la luz de una manera muy especial, creando un conjunto de gran valor decorativo.<\/p>\n<div id=\"attachment_825\" style=\"width: 810px\" class=\"wp-caption aligncenter\"><img loading=\"lazy\" decoding=\"async\" aria-describedby=\"caption-attachment-825\" src=\"https:\/\/lightingspain.com\/wp\/wp-content\/uploads\/2019\/02\/SABINA01_MANTRA.jpg\" alt=\"\" width=\"800\" height=\"1000\" \/><p id=\"caption-attachment-825\" class=\"wp-caption-text\"><img loading=\"lazy\" decoding=\"async\" src=\"https:\/\/lightingspain.com\/wp\/wp-content\/uploads\/2019\/02\/SABINA02_MANTRA.jpg\" alt=\"\" width=\"800\" height=\"214\" \/><\/p><\/div>\n<p><em>Visita el producto en nuestra tienda:<strong><a href=\"https:\/\/lightingspain.com\/24357-sabina-lampara-2-luces-8435153261770.html\"> L\u00e1mpara colgante, Sabina<\/a><\/strong><\/em><\/p>\n<h4>Las l\u00e1mparas de cobre o de metal envejecido<\/h4>\n<p>La tercera de las tendencias en iluminaci\u00f3n para 2019 son las l\u00e1mparas de cobre o de metal envejecido.<br \/>\n<strong>Los\u00a0metales son una tendencia absoluta<\/strong> en decoraci\u00f3n, y este a\u00f1o le ha tocado al cobre ponerse en vanguardia, parad\u00f3jicamente, aportando un toque vintage.<br \/>\nEste color y acabado tan originales se ven reforzados en el caso de la luminaria <strong><a href=\"https:\/\/lightingspain.com\/eu\/97066-pendant-ceiling-industrial-black-gold-whizz-lighthouse.html\">Whizz<\/a><\/strong> con un dise\u00f1o oriental donde de nuevo la asimetr\u00eda entre las piezas, pero las curvas sim\u00e9tricas de cada l\u00e1mpara, son los rasgos m\u00e1s destacados.<br \/>\nRealizada en aluminio,\u00a0\u00a0est\u00e1 cubierta por un ba\u00f1o electrol\u00edtico cobre y unos cables met\u00e1licos en el mismo color.<br \/>\n<a href=\"https:\/\/lightingspain.com\/eu\/97066-pendant-ceiling-industrial-black-gold-whizz-lighthouse.html\"><img loading=\"lazy\" decoding=\"async\" class=\"aligncenter size-full wp-image-4961\" src=\"https:\/\/lightingspain.com\/blog\/wp-content\/uploads\/2019\/02\/PR27598BI36549_20160_3L_WHIZZ_COLGANTE_NEGRO_ORO_SATINADO_E27_60W_3L_SZ4.jpg\" alt=\"\" width=\"800\" height=\"1200\" \/><\/a><em>Visita el producto en nuestra tienda: <strong><a href=\"https:\/\/lightingspain.com\/eu\/97066-pendant-ceiling-industrial-black-gold-whizz-lighthouse.html\">L\u00e1mpara colgante, Whizz<\/a><\/strong><\/em><\/p>\n<p>Las l\u00e1mparas de color cobre no son exclusivas del sal\u00f3n: invaden todos los espacios, las habitaciones, el porche, las terrazas&#8230; y tambi\u00e9n la cocina.<br \/>\nUn modelo amplio, que de un rango de iluminaci\u00f3n suficiente para esta estancia es <strong><a href=\"https:\/\/lightingspain.com\/23549-lampara-de-suspension-slim-massmi.html\">Slim<\/a>, de Massmi Iluminaci\u00f3n<\/strong>.<br \/>\nEn este caso, la inspiraci\u00f3n es decididamente\u00a0vintage, e incluso asociada a la cuarta de las tendencias: el <em>midcentury<\/em>.<br \/>\n<a href=\"http:\/\/lightingspain.com\"><img loading=\"lazy\" decoding=\"async\" class=\"alignnone\" src=\"https:\/\/lightingspain.com\/wp\/wp-content\/uploads\/2019\/02\/SLIM_MASSMI.jpg\" alt=\"\" width=\"800\" height=\"853\" \/><\/a><\/p>\n<p><em>Visita el producto en nuestra tienda: <a href=\"https:\/\/lightingspain.com\/eu\/97066-pendant-ceiling-industrial-black-gold-whizz-lighthouse.html\"><strong>L\u00e1mpara colgante, Slim<\/strong><\/a><\/em><\/p>\n<h4>Midcentury, una \u00e9poca dorada para el dise\u00f1o<\/h4>\n<p><em>Midcentury<\/em> es la tendencia que trata de recuperar los dise\u00f1os, como su propio nombre indica, de mediados del siglo pasado.<br \/>\n\u00bfHas visto las series <em>Mad men<\/em>, o <em>Pan Am<\/em>? Esa es la est\u00e9tica que tratan de recuperar, trayendo al presente y actualizando las formas pr\u00e1cticas y con cierto transfondo ingenuo, donde el color uniforme y los divertidos contrastes entre distintos tonos son algunos de los rasgos m\u00e1s destacados.<br \/>\n<strong>Coco<\/strong> es una serie de luminarias que, como gran parte del cat\u00e1logo de Massmi iluminaci\u00f3n, tratan de recuperar ese esp\u00edritu.<br \/>\nLa sencillez de sus l\u00edneas hacen que, en lo que respecta a adaptarse a diferentes decoraciones, sea un aut\u00e9ntico comod\u00edn.<br \/>\nBlanco, fum\u00e9 o verde, los tres modelos incorporan un detalle en madera.<\/p>\n<p><a href=\"https:\/\/lightingspain.com\/6898-sixty.html\"><strong>Sixty<\/strong><\/a>, por su parte, es la l\u00e1mpara que Don Drapper se pondr\u00eda en el despacho para impresionar a sus clientes.<br \/>\nEn dorado o en color cromo, las siete esferas de esta elegante l\u00e1mpara son una carta de presentaci\u00f3n perfecta para un ambiente al estilo de <em>El gran Gatsby<\/em>.<\/p>\n<h4><a href=\"https:\/\/lightingspain.com\/6898-sixty.html\"><img loading=\"lazy\" decoding=\"async\" class=\"alignnone\" src=\"https:\/\/lightingspain.com\/wp\/wp-content\/uploads\/2019\/02\/SIXTY_PEDRET.jpg\" alt=\"\" width=\"800\" height=\"781\" \/><\/a><\/h4>\n<p><em>Visita el producto en nuestra tienda: <strong><a href=\"https:\/\/lightingspain.com\/6898-sixty.html\">L\u00e1mpara colgante, Sixty<\/a><\/strong><\/em><\/p>\n<h4>Estilo cl\u00e1sico en ambientes modernos<\/h4>\n<p>Para terminar este primer repaso por las tendencias de <strong>iluminaci\u00f3n decorativa en 2019<\/strong>, hemos dejado el estilo cl\u00e1sico: si te has fijado, cada vez es m\u00e1s com\u00fan encontrar, dentro de ambientes modernos e incluso de decoraci\u00f3n vanguardistas, peque\u00f1os toques y gui\u00f1os hacia\u00a0lo\u00a0cl\u00e1sico.<br \/>\nUn marco con cenefa, una peque\u00f1a figura de porcelana, y, por supuesto, una l\u00e1mpara trabajada en este estilo.<br \/>\n<strong>Lladr\u00f3 <\/strong>te propone una gran variedad de modelos para el recibidor o el sal\u00f3n, pero nosotros queremos destacar dos que inciden en la tendencia a mirar hacia Oriente a la hora de escoger la decoraci\u00f3n de casa: se trata de <strong><em>Pavo real<\/em> y <em>Yoga<\/em>.<\/strong><br \/>\nEn el primer caso, el uso de la <a href=\"https:\/\/lightingspain.com\/26099-lampara-de-mesa-de-porcelana-pavo-real-lladro.html\"><strong>porcelana transl\u00facida<\/strong><\/a> es su rasgo m\u00e1s caracter\u00edstico: has visto pantallas de papel, de vidrio, de lana, de algod\u00f3n&#8230; pero cuando la manera en c\u00f3mo filtra la luz la porcelana es algo realmente \u00fanico.<br \/>\n<a href=\"https:\/\/lightingspain.com\/26099-lampara-de-mesa-de-porcelana-pavo-real-lladro.html\"><img loading=\"lazy\" decoding=\"async\" class=\"alignnone\" src=\"https:\/\/lightingspain.com\/wp\/wp-content\/uploads\/2019\/02\/PAVO_REAL_LLADRO.jpg\" alt=\"\" width=\"800\" height=\"1067\" \/><\/a><\/p>\n<p><em>Visita el producto en nuestra tienda: <strong><a href=\"https:\/\/lightingspain.com\/26099-lampara-de-mesa-de-porcelana-pavo-real-lladro-737859090141.html\">L\u00e1mpara de mesa, Pavo Real<\/a><\/strong><\/em><\/p>\n<p>Scientia, por su parte, nos invita al relax no solo por la figura principal, sino por el <strong>nivel de acabado y detalle<\/strong> y el juego de colores entre la pantalla y la mujer sentada en posici\u00f3n de loto.<\/p>\n<p><a href=\"https:\/\/lightingspain.com\/26110-lampara-de-mesa-de-porcelana-scientia-lladro-737859230561.html\"><img loading=\"lazy\" decoding=\"async\" class=\"aligncenter size-full wp-image-4968\" src=\"https:\/\/lightingspain.com\/blog\/wp-content\/uploads\/2019\/02\/lampara-de-mesa-de-porcelana-scientia-lladro-1.jpg\" alt=\"\" width=\"800\" height=\"1034\" srcset=\"https:\/\/lightingspain.com\/blog\/wp-content\/uploads\/2019\/02\/lampara-de-mesa-de-porcelana-scientia-lladro-1.jpg 800w, https:\/\/lightingspain.com\/blog\/wp-content\/uploads\/2019\/02\/lampara-de-mesa-de-porcelana-scientia-lladro-1-232x300.jpg 232w, https:\/\/lightingspain.com\/blog\/wp-content\/uploads\/2019\/02\/lampara-de-mesa-de-porcelana-scientia-lladro-1-792x1024.jpg 792w, https:\/\/lightingspain.com\/blog\/wp-content\/uploads\/2019\/02\/lampara-de-mesa-de-porcelana-scientia-lladro-1-768x993.jpg 768w, https:\/\/lightingspain.com\/blog\/wp-content\/uploads\/2019\/02\/lampara-de-mesa-de-porcelana-scientia-lladro-1-585x756.jpg 585w\" sizes=\"(max-width: 800px) 100vw, 800px\" \/><\/a><br \/>\n<em>Visita el producto en nuestra tienda: <strong><a href=\"https:\/\/lightingspain.com\/26110-lampara-de-mesa-de-porcelana-scientia-lladro-737859230561.html\">L\u00e1mpara de mesa, Scientia<\/a><\/strong><\/em><br \/>\nEstas son algunas, que no todas, las tendencias de iluminaci\u00f3n para 2019, un a\u00f1o en el que\u00a0la iluminaci\u00f3n de dise\u00f1o espa\u00f1ol cobra protagonismo y ocupa un lugar preminente en el escenario internacional; atributos que has podido ver a lo largo de este art\u00edculo, como la calidad de las piezas o la versatilidad de los estilos representados, son cada vez mejor valorados fuera y dentro de nuestras fronteras, haciendo que el dise\u00f1o espa\u00f1ol se coloque en la vanguardia en lo que al sector de la iluminaci\u00f3n se refiere.<\/p>\n<p><a href=\"http:\/\/lightingspain.com\"><img loading=\"lazy\" decoding=\"async\" class=\"aligncenter wp-image-2999 size-medium\" src=\"https:\/\/lightingspain.com\/blog\/wp-content\/uploads\/2019\/07\/LightingSpain-2-300x73.jpg\" alt=\"\" width=\"300\" height=\"73\" srcset=\"https:\/\/lightingspain.com\/blog\/wp-content\/uploads\/2019\/07\/LightingSpain-2-300x73.jpg 300w, https:\/\/lightingspain.com\/blog\/wp-content\/uploads\/2019\/07\/LightingSpain-2-768x188.jpg 768w, https:\/\/lightingspain.com\/blog\/wp-content\/uploads\/2019\/07\/LightingSpain-2-585x143.jpg 585w, https:\/\/lightingspain.com\/blog\/wp-content\/uploads\/2019\/07\/LightingSpain-2.jpg 1024w\" sizes=\"(max-width: 300px) 100vw, 300px\" \/><\/a><\/p>\n","protected":false},"excerpt":{"rendered":"<p>Ya hemos consumido un mes de este a\u00f1o, y las tendencias de iluminaci\u00f3n empiezan a consolidarse. Algunas de las modas de a\u00f1os anteriores van&hellip;<\/p>\n","protected":false},"author":2,"featured_media":4961,"comment_status":"open","ping_status":"closed","sticky":false,"template":"","format":"image","meta":{"footnotes":""},"categories":[19],"tags":[],"class_list":["post-800","post","type-post","status-publish","format-image","has-post-thumbnail","hentry","category-novedades","post_format-post-format-image"],"yoast_head":"<!-- This site is optimized with the Yoast SEO plugin v23.4 - https:\/\/yoast.com\/wordpress\/plugins\/seo\/ -->\n<title>\u00daltimas tendencias de illuminaci\u00f3n 2019 | LightingSpain<\/title>\n<meta name=\"description\" content=\"Te traemos lo \u00faltimo en tendencias de iluminaci\u00f3n para este 2019. Descubre las nuevas tendencias en l\u00e1mparas. \u00a1Entra Ahora para estar a la \u00faltima!\" \/>\n<meta name=\"robots\" content=\"index, follow, max-snippet:-1, max-image-preview:large, max-video-preview:-1\" \/>\n<link rel=\"canonical\" href=\"https:\/\/lightingspain.com\/blog\/tendencias-iluminacion\/\" \/>\n<meta property=\"og:locale\" content=\"es_ES\" \/>\n<meta property=\"og:type\" content=\"article\" \/>\n<meta property=\"og:title\" content=\"\u00daltimas tendencias de illuminaci\u00f3n 2019 | LightingSpain\" \/>\n<meta property=\"og:description\" content=\"Te traemos lo \u00faltimo en tendencias de iluminaci\u00f3n para este 2019. Descubre las nuevas tendencias en l\u00e1mparas. \u00a1Entra Ahora para estar a la \u00faltima!\" \/>\n<meta property=\"og:url\" content=\"https:\/\/lightingspain.com\/blog\/tendencias-iluminacion\/\" \/>\n<meta property=\"og:site_name\" content=\"Blog lightingspain\" \/>\n<meta property=\"article:published_time\" content=\"2025-02-05T14:17:05+00:00\" \/>\n<meta property=\"article:modified_time\" content=\"2025-03-20T16:39:05+00:00\" \/>\n<meta property=\"og:image\" content=\"https:\/\/lightingspain.com\/blog\/wp-content\/uploads\/2019\/02\/PR27598BI36549_20160_3L_WHIZZ_COLGANTE_NEGRO_ORO_SATINADO_E27_60W_3L_SZ4-e1742488739987.jpg\" \/>\n\t<meta property=\"og:image:width\" content=\"500\" \/>\n\t<meta property=\"og:image:height\" content=\"340\" \/>\n\t<meta property=\"og:image:type\" content=\"image\/jpeg\" \/>\n<meta name=\"author\" content=\"Lightingspain\" \/>\n<meta name=\"twitter:card\" content=\"summary_large_image\" \/>\n<meta name=\"twitter:label1\" content=\"Escrito por\" \/>\n\t<meta name=\"twitter:data1\" content=\"Lightingspain\" \/>\n\t<meta name=\"twitter:label2\" content=\"Tiempo de lectura\" \/>\n\t<meta name=\"twitter:data2\" content=\"9 minutos\" \/>\n<script type=\"application\/ld+json\" class=\"yoast-schema-graph\">{\"@context\":\"https:\/\/schema.org\",\"@graph\":[{\"@type\":\"WebPage\",\"@id\":\"https:\/\/lightingspain.com\/blog\/tendencias-iluminacion\/\",\"url\":\"https:\/\/lightingspain.com\/blog\/tendencias-iluminacion\/\",\"name\":\"\u00daltimas tendencias de illuminaci\u00f3n 2019 | LightingSpain\",\"isPartOf\":{\"@id\":\"https:\/\/lightingspain.com\/blog\/#website\"},\"primaryImageOfPage\":{\"@id\":\"https:\/\/lightingspain.com\/blog\/tendencias-iluminacion\/#primaryimage\"},\"image\":{\"@id\":\"https:\/\/lightingspain.com\/blog\/tendencias-iluminacion\/#primaryimage\"},\"thumbnailUrl\":\"https:\/\/lightingspain.com\/blog\/wp-content\/uploads\/2019\/02\/PR27598BI36549_20160_3L_WHIZZ_COLGANTE_NEGRO_ORO_SATINADO_E27_60W_3L_SZ4-e1742488739987.jpg\",\"datePublished\":\"2025-02-05T14:17:05+00:00\",\"dateModified\":\"2025-03-20T16:39:05+00:00\",\"author\":{\"@id\":\"https:\/\/lightingspain.com\/blog\/#\/schema\/person\/f151c75014f33473ada8d83e3d2c43b7\"},\"description\":\"Te traemos lo \u00faltimo en tendencias de iluminaci\u00f3n para este 2019. Descubre las nuevas tendencias en l\u00e1mparas. \u00a1Entra Ahora para estar a la \u00faltima!\",\"breadcrumb\":{\"@id\":\"https:\/\/lightingspain.com\/blog\/tendencias-iluminacion\/#breadcrumb\"},\"inLanguage\":\"es\",\"potentialAction\":[{\"@type\":\"ReadAction\",\"target\":[\"https:\/\/lightingspain.com\/blog\/tendencias-iluminacion\/\"]}]},{\"@type\":\"ImageObject\",\"inLanguage\":\"es\",\"@id\":\"https:\/\/lightingspain.com\/blog\/tendencias-iluminacion\/#primaryimage\",\"url\":\"https:\/\/lightingspain.com\/blog\/wp-content\/uploads\/2019\/02\/PR27598BI36549_20160_3L_WHIZZ_COLGANTE_NEGRO_ORO_SATINADO_E27_60W_3L_SZ4-e1742488739987.jpg\",\"contentUrl\":\"https:\/\/lightingspain.com\/blog\/wp-content\/uploads\/2019\/02\/PR27598BI36549_20160_3L_WHIZZ_COLGANTE_NEGRO_ORO_SATINADO_E27_60W_3L_SZ4-e1742488739987.jpg\",\"width\":500,\"height\":340},{\"@type\":\"BreadcrumbList\",\"@id\":\"https:\/\/lightingspain.com\/blog\/tendencias-iluminacion\/#breadcrumb\",\"itemListElement\":[{\"@type\":\"ListItem\",\"position\":1,\"name\":\"Portada\",\"item\":\"https:\/\/lightingspain.com\/blog\/\"},{\"@type\":\"ListItem\",\"position\":2,\"name\":\"5 tendencias de iluminaci\u00f3n para 2019\"}]},{\"@type\":\"WebSite\",\"@id\":\"https:\/\/lightingspain.com\/blog\/#website\",\"url\":\"https:\/\/lightingspain.com\/blog\/\",\"name\":\"Blog lightingspain\",\"description\":\"Otro sitio realizado con WordPress\",\"potentialAction\":[{\"@type\":\"SearchAction\",\"target\":{\"@type\":\"EntryPoint\",\"urlTemplate\":\"https:\/\/lightingspain.com\/blog\/?s={search_term_string}\"},\"query-input\":{\"@type\":\"PropertyValueSpecification\",\"valueRequired\":true,\"valueName\":\"search_term_string\"}}],\"inLanguage\":\"es\"},{\"@type\":\"Person\",\"@id\":\"https:\/\/lightingspain.com\/blog\/#\/schema\/person\/f151c75014f33473ada8d83e3d2c43b7\",\"name\":\"Lightingspain\",\"image\":{\"@type\":\"ImageObject\",\"inLanguage\":\"es\",\"@id\":\"https:\/\/lightingspain.com\/blog\/#\/schema\/person\/image\/\",\"url\":\"https:\/\/secure.gravatar.com\/avatar\/?s=96&d=mm&r=g\",\"contentUrl\":\"https:\/\/secure.gravatar.com\/avatar\/?s=96&d=mm&r=g\",\"caption\":\"Lightingspain\"},\"url\":\"https:\/\/lightingspain.com\/blog\/author\/lightingspain\/\"}]}<\/script>\n<!-- \/ Yoast SEO plugin. -->","yoast_head_json":{"title":"\u00daltimas tendencias de illuminaci\u00f3n 2019 | LightingSpain","description":"Te traemos lo \u00faltimo en tendencias de iluminaci\u00f3n para este 2019. Descubre las nuevas tendencias en l\u00e1mparas. \u00a1Entra Ahora para estar a la \u00faltima!","robots":{"index":"index","follow":"follow","max-snippet":"max-snippet:-1","max-image-preview":"max-image-preview:large","max-video-preview":"max-video-preview:-1"},"canonical":"https:\/\/lightingspain.com\/blog\/tendencias-iluminacion\/","og_locale":"es_ES","og_type":"article","og_title":"\u00daltimas tendencias de illuminaci\u00f3n 2019 | LightingSpain","og_description":"Te traemos lo \u00faltimo en tendencias de iluminaci\u00f3n para este 2019. Descubre las nuevas tendencias en l\u00e1mparas. \u00a1Entra Ahora para estar a la \u00faltima!","og_url":"https:\/\/lightingspain.com\/blog\/tendencias-iluminacion\/","og_site_name":"Blog lightingspain","article_published_time":"2025-02-05T14:17:05+00:00","article_modified_time":"2025-03-20T16:39:05+00:00","og_image":[{"width":500,"height":340,"url":"https:\/\/lightingspain.com\/blog\/wp-content\/uploads\/2019\/02\/PR27598BI36549_20160_3L_WHIZZ_COLGANTE_NEGRO_ORO_SATINADO_E27_60W_3L_SZ4-e1742488739987.jpg","type":"image\/jpeg"}],"author":"Lightingspain","twitter_card":"summary_large_image","twitter_misc":{"Escrito por":"Lightingspain","Tiempo de lectura":"9 minutos"},"schema":{"@context":"https:\/\/schema.org","@graph":[{"@type":"WebPage","@id":"https:\/\/lightingspain.com\/blog\/tendencias-iluminacion\/","url":"https:\/\/lightingspain.com\/blog\/tendencias-iluminacion\/","name":"\u00daltimas tendencias de illuminaci\u00f3n 2019 | LightingSpain","isPartOf":{"@id":"https:\/\/lightingspain.com\/blog\/#website"},"primaryImageOfPage":{"@id":"https:\/\/lightingspain.com\/blog\/tendencias-iluminacion\/#primaryimage"},"image":{"@id":"https:\/\/lightingspain.com\/blog\/tendencias-iluminacion\/#primaryimage"},"thumbnailUrl":"https:\/\/lightingspain.com\/blog\/wp-content\/uploads\/2019\/02\/PR27598BI36549_20160_3L_WHIZZ_COLGANTE_NEGRO_ORO_SATINADO_E27_60W_3L_SZ4-e1742488739987.jpg","datePublished":"2025-02-05T14:17:05+00:00","dateModified":"2025-03-20T16:39:05+00:00","author":{"@id":"https:\/\/lightingspain.com\/blog\/#\/schema\/person\/f151c75014f33473ada8d83e3d2c43b7"},"description":"Te traemos lo \u00faltimo en tendencias de iluminaci\u00f3n para este 2019. Descubre las nuevas tendencias en l\u00e1mparas. \u00a1Entra Ahora para estar a la \u00faltima!","breadcrumb":{"@id":"https:\/\/lightingspain.com\/blog\/tendencias-iluminacion\/#breadcrumb"},"inLanguage":"es","potentialAction":[{"@type":"ReadAction","target":["https:\/\/lightingspain.com\/blog\/tendencias-iluminacion\/"]}]},{"@type":"ImageObject","inLanguage":"es","@id":"https:\/\/lightingspain.com\/blog\/tendencias-iluminacion\/#primaryimage","url":"https:\/\/lightingspain.com\/blog\/wp-content\/uploads\/2019\/02\/PR27598BI36549_20160_3L_WHIZZ_COLGANTE_NEGRO_ORO_SATINADO_E27_60W_3L_SZ4-e1742488739987.jpg","contentUrl":"https:\/\/lightingspain.com\/blog\/wp-content\/uploads\/2019\/02\/PR27598BI36549_20160_3L_WHIZZ_COLGANTE_NEGRO_ORO_SATINADO_E27_60W_3L_SZ4-e1742488739987.jpg","width":500,"height":340},{"@type":"BreadcrumbList","@id":"https:\/\/lightingspain.com\/blog\/tendencias-iluminacion\/#breadcrumb","itemListElement":[{"@type":"ListItem","position":1,"name":"Portada","item":"https:\/\/lightingspain.com\/blog\/"},{"@type":"ListItem","position":2,"name":"5 tendencias de iluminaci\u00f3n para 2019"}]},{"@type":"WebSite","@id":"https:\/\/lightingspain.com\/blog\/#website","url":"https:\/\/lightingspain.com\/blog\/","name":"Blog lightingspain","description":"Otro sitio realizado con WordPress","potentialAction":[{"@type":"SearchAction","target":{"@type":"EntryPoint","urlTemplate":"https:\/\/lightingspain.com\/blog\/?s={search_term_string}"},"query-input":{"@type":"PropertyValueSpecification","valueRequired":true,"valueName":"search_term_string"}}],"inLanguage":"es"},{"@type":"Person","@id":"https:\/\/lightingspain.com\/blog\/#\/schema\/person\/f151c75014f33473ada8d83e3d2c43b7","name":"Lightingspain","image":{"@type":"ImageObject","inLanguage":"es","@id":"https:\/\/lightingspain.com\/blog\/#\/schema\/person\/image\/","url":"https:\/\/secure.gravatar.com\/avatar\/?s=96&d=mm&r=g","contentUrl":"https:\/\/secure.gravatar.com\/avatar\/?s=96&d=mm&r=g","caption":"Lightingspain"},"url":"https:\/\/lightingspain.com\/blog\/author\/lightingspain\/"}]}},"_links":{"self":[{"href":"https:\/\/lightingspain.com\/blog\/wp-json\/wp\/v2\/posts\/800"}],"collection":[{"href":"https:\/\/lightingspain.com\/blog\/wp-json\/wp\/v2\/posts"}],"about":[{"href":"https:\/\/lightingspain.com\/blog\/wp-json\/wp\/v2\/types\/post"}],"author":[{"embeddable":true,"href":"https:\/\/lightingspain.com\/blog\/wp-json\/wp\/v2\/users\/2"}],"replies":[{"embeddable":true,"href":"https:\/\/lightingspain.com\/blog\/wp-json\/wp\/v2\/comments?post=800"}],"version-history":[{"count":8,"href":"https:\/\/lightingspain.com\/blog\/wp-json\/wp\/v2\/posts\/800\/revisions"}],"predecessor-version":[{"id":4971,"href":"https:\/\/lightingspain.com\/blog\/wp-json\/wp\/v2\/posts\/800\/revisions\/4971"}],"wp:featuredmedia":[{"embeddable":true,"href":"https:\/\/lightingspain.com\/blog\/wp-json\/wp\/v2\/media\/4961"}],"wp:attachment":[{"href":"https:\/\/lightingspain.com\/blog\/wp-json\/wp\/v2\/media?parent=800"}],"wp:term":[{"taxonomy":"category","embeddable":true,"href":"https:\/\/lightingspain.com\/blog\/wp-json\/wp\/v2\/categories?post=800"},{"taxonomy":"post_tag","embeddable":true,"href":"https:\/\/lightingspain.com\/blog\/wp-json\/wp\/v2\/tags?post=800"}],"curies":[{"name":"wp","href":"https:\/\/api.w.org\/{rel}","templated":true}]}}