{"id":426,"date":"2025-03-06T13:56:19","date_gmt":"2025-03-06T13:56:19","guid":{"rendered":"https:\/\/lightingspain.com\/es\/blog\/?p=426"},"modified":"2025-03-21T08:40:31","modified_gmt":"2025-03-21T08:40:31","slug":"iluminacion-led-en-tu-tienda-aspectos-a-tener-en-cuenta","status":"publish","type":"post","link":"https:\/\/lightingspain.com\/blog\/iluminacion-led-en-tu-tienda-aspectos-a-tener-en-cuenta\/","title":{"rendered":"Iluminaci\u00f3n LED en tu tienda. Aspectos a tener en cuenta"},"content":{"rendered":"<div id=\"category_description_short\" class=\"t-body__text c-category-description__text\">\n<p>Iluminar una tienda o un negocio, no importa el tama\u00f1o que tenga, requiere de una planificaci\u00f3n previa y de un estudio de qu\u00e9 tipo de luces hay que emplear en cada una de las zonas de la misma. En cualquiera de los casos, recurrir a la iluminaci\u00f3n LED es la primera recomendaci\u00f3n que te ofrecemos.<\/p>\n<h4><strong>Las l\u00e1mparas colgantes son la soluci\u00f3n m\u00e1s elegante para las salas de reuniones<\/strong><\/h4>\n<p><a href=\"https:\/\/lightingspain.com\/177474-lampara-colgante-circ-leds-c4.html\"><img loading=\"lazy\" decoding=\"async\" class=\"aligncenter wp-image-5070 size-full\" src=\"https:\/\/lightingspain.com\/blog\/wp-content\/uploads\/2018\/10\/Circ-LedsC4-Lampara-colgante.jpg\" alt=\"Circ LedsC4 L\u00e1mpara colgante\" width=\"800\" height=\"484\" srcset=\"https:\/\/lightingspain.com\/blog\/wp-content\/uploads\/2018\/10\/Circ-LedsC4-Lampara-colgante.jpg 800w, https:\/\/lightingspain.com\/blog\/wp-content\/uploads\/2018\/10\/Circ-LedsC4-Lampara-colgante-300x182.jpg 300w, https:\/\/lightingspain.com\/blog\/wp-content\/uploads\/2018\/10\/Circ-LedsC4-Lampara-colgante-768x465.jpg 768w, https:\/\/lightingspain.com\/blog\/wp-content\/uploads\/2018\/10\/Circ-LedsC4-Lampara-colgante-585x354.jpg 585w\" sizes=\"(max-width: 800px) 100vw, 800px\" \/><\/a><\/p>\n<p><em>Visita el producto en nuestra tienda: <a href=\"https:\/\/lightingspain.com\/177474-lampara-colgante-circ-leds-c4.html\"><strong>L\u00e1mpara colgante, Circ<\/strong><\/a><\/em><\/p>\n<p><a href=\"https:\/\/lightingspain.com\/23237-4825-lampara-colgante-de-madera-natural-en-11-colores-y-2-tamanos-link-suspension-lzf.html#\/39-color-amarillo\/1169-medidas-46_cm\"><img loading=\"lazy\" decoding=\"async\" class=\"aligncenter size-full wp-image-440\" src=\"https:\/\/lightingspain.com\/wp\/wp-content\/uploads\/2018\/10\/LZF-001-LINK-SG-24.jpg\" alt=\"\" width=\"1050\" height=\"1120\" \/><\/a><\/p>\n<p><em>Visita el producto en nuestra tienda: <a href=\"https:\/\/lightingspain.com\/23237-4825-lampara-colgante-de-madera-natural-en-11-colores-y-2-tamanos-link-suspension-lzf.html#\/39-color-amarillo\/1169-medidas-46_cm\"><strong>L\u00e1mpara colgante, Link<\/strong><\/a><\/em><\/p>\n<p>Si todav\u00eda no lo has hecho, ha llegado el momento de cambiar la iluminaci\u00f3n de tu tienda o local a la tecnolog\u00eda LED. Tambi\u00e9n si est\u00e1s reform\u00e1ndolo o a punto de abrirlo, esta tecnolog\u00eda no solo es lo suficientemente madura como para ofrecer\u00a0plenas garant\u00edas, sino que ya es la principal opci\u00f3n para iluminar tanto hogares como negocios.<\/p>\n<h4><strong>Las placas LED en el techo dan una luz uniforme y muy agradable para los clientes<\/strong><\/h4>\n<p>De entrada, las luminarias que se emplean en un negocio han de tener calidad, ya que van a estar encendidas sin interrupci\u00f3n durante un periodo de tiempo prolongado.<\/p>\n<p><a href=\"https:\/\/lightingspain.com\/31688-lampara-colgante-circular-led-de-metal-y-acrilico-3200k-dilga-acb-iluminacion.html\"><img loading=\"lazy\" decoding=\"async\" class=\"aligncenter wp-image-5076 size-full\" src=\"https:\/\/lightingspain.com\/blog\/wp-content\/uploads\/2018\/10\/Dilga-ACB-Lampara-colgante.jpg\" alt=\"Dilga ACB L\u00e1mpara colgante\" width=\"800\" height=\"621\" srcset=\"https:\/\/lightingspain.com\/blog\/wp-content\/uploads\/2018\/10\/Dilga-ACB-Lampara-colgante.jpg 800w, https:\/\/lightingspain.com\/blog\/wp-content\/uploads\/2018\/10\/Dilga-ACB-Lampara-colgante-300x233.jpg 300w, https:\/\/lightingspain.com\/blog\/wp-content\/uploads\/2018\/10\/Dilga-ACB-Lampara-colgante-768x596.jpg 768w, https:\/\/lightingspain.com\/blog\/wp-content\/uploads\/2018\/10\/Dilga-ACB-Lampara-colgante-585x454.jpg 585w\" sizes=\"(max-width: 800px) 100vw, 800px\" \/><\/a><\/p>\n<p><em>Visita el producto en nuestra tienda: <a href=\"https:\/\/lightingspain.com\/31688-lampara-colgante-circular-led-de-metal-y-acrilico-3200k-dilga-acb-iluminacion.html\"><strong>L\u00e1mpara colgante, Dilga<\/strong><\/a><\/em><\/p>\n<p><a href=\"https:\/\/lightingspain.com\/179961-703154-lampara-colgante-niseko-mantra-lampara-de-suspension-redonda-led-regulable.html#\/36-color-negro\/1077-medidas-o_38_cm\"><img loading=\"lazy\" decoding=\"async\" class=\"aligncenter wp-image-5079 size-full\" src=\"https:\/\/lightingspain.com\/blog\/wp-content\/uploads\/2018\/10\/Niseko-Mantra-Lampara-colgante.jpg\" alt=\"Niseko Mantra L\u00e1mpara colgante\" width=\"800\" height=\"560\" srcset=\"https:\/\/lightingspain.com\/blog\/wp-content\/uploads\/2018\/10\/Niseko-Mantra-Lampara-colgante.jpg 800w, https:\/\/lightingspain.com\/blog\/wp-content\/uploads\/2018\/10\/Niseko-Mantra-Lampara-colgante-300x210.jpg 300w, https:\/\/lightingspain.com\/blog\/wp-content\/uploads\/2018\/10\/Niseko-Mantra-Lampara-colgante-768x538.jpg 768w, https:\/\/lightingspain.com\/blog\/wp-content\/uploads\/2018\/10\/Niseko-Mantra-Lampara-colgante-585x410.jpg 585w\" sizes=\"(max-width: 800px) 100vw, 800px\" \/><\/a><\/p>\n<p><em>Visita el producto en nuestra tienda: <a href=\"https:\/\/lightingspain.com\/179961-703154-lampara-colgante-niseko-mantra-lampara-de-suspension-redonda-led-regulable.html#\/36-color-negro\/1077-medidas-o_38_cm\"><strong>L\u00e1mpara colgante, Niseko<\/strong><\/a><\/em><\/p>\n<p>Todas las que encontrar\u00e1s en LightingSpain proceden de empresas que realizan rigurosos tests de calidad, y cada una de sus creaciones\u00a0cuenta con las certificaciones necesarias para toda la Uni\u00f3n Europea.<\/p>\n<h4><strong>Los focos son una soluci\u00f3n \u00f3ptima para orientar la luz hacia donde m\u00e1s te interese<\/strong><\/h4>\n<\/div>\n<p><a href=\"https:\/\/lightingspain.com\/172672-13724-foco-de-carril-budelli.html#\/36-color-negro\"><img loading=\"lazy\" decoding=\"async\" class=\"aligncenter size-full wp-image-5087\" src=\"https:\/\/lightingspain.com\/blog\/wp-content\/uploads\/2018\/10\/Budelli-ACB-Foco-de-carril.jpg\" alt=\"Budelli ACB Foco de carril\" width=\"800\" height=\"496\" srcset=\"https:\/\/lightingspain.com\/blog\/wp-content\/uploads\/2018\/10\/Budelli-ACB-Foco-de-carril.jpg 800w, https:\/\/lightingspain.com\/blog\/wp-content\/uploads\/2018\/10\/Budelli-ACB-Foco-de-carril-300x186.jpg 300w, https:\/\/lightingspain.com\/blog\/wp-content\/uploads\/2018\/10\/Budelli-ACB-Foco-de-carril-768x476.jpg 768w, https:\/\/lightingspain.com\/blog\/wp-content\/uploads\/2018\/10\/Budelli-ACB-Foco-de-carril-585x363.jpg 585w\" sizes=\"(max-width: 800px) 100vw, 800px\" \/><\/a><\/p>\n<p><em>Visita el producto en nuestra tienda: <a href=\"https:\/\/lightingspain.com\/172672-13724-foco-de-carril-budelli.html#\/36-color-negro\"><strong>Foco de carril, Budelli<\/strong><\/a><\/em><\/p>\n<div id=\"category_description_short\" class=\"t-body__text c-category-description__text\">\n<p>La tecnolog\u00eda LED es la m\u00e1s adecuada para este tipo de espacios. Los dos puntos que apoyan su uso son que, por un lado, tienen un consumo muy reducido y, por el otro, tienen una vida \u00fatil muy larga.<\/p>\n<p><a href=\"https:\/\/lightingspain.com\/173221-foco-de-techo-picolo.html\"><img loading=\"lazy\" decoding=\"async\" class=\"aligncenter size-full wp-image-5090\" src=\"https:\/\/lightingspain.com\/blog\/wp-content\/uploads\/2018\/10\/Picolo-BeneitoFaure-Foco.jpg\" alt=\"Picolo Beneito &amp; Faure Foco de techo\" width=\"800\" height=\"692\" srcset=\"https:\/\/lightingspain.com\/blog\/wp-content\/uploads\/2018\/10\/Picolo-BeneitoFaure-Foco.jpg 800w, https:\/\/lightingspain.com\/blog\/wp-content\/uploads\/2018\/10\/Picolo-BeneitoFaure-Foco-300x260.jpg 300w, https:\/\/lightingspain.com\/blog\/wp-content\/uploads\/2018\/10\/Picolo-BeneitoFaure-Foco-768x664.jpg 768w, https:\/\/lightingspain.com\/blog\/wp-content\/uploads\/2018\/10\/Picolo-BeneitoFaure-Foco-585x506.jpg 585w\" sizes=\"(max-width: 800px) 100vw, 800px\" \/><\/a><\/p>\n<p><em>Visita el producto en nuestra tienda: <a href=\"https:\/\/lightingspain.com\/173221-foco-de-techo-picolo.html\"><strong>Foco de techo, Picolo<\/strong><\/a><\/em><\/p>\n<h4><strong>Piensa en l\u00e1mparas de techo alargadas para espacios amplios<\/strong><\/h4>\n<p>El tercer punto a favor, y que es muy interesante en el caso de los negocios abiertos al p\u00fablico, es que los LED\u00a0reflejan los colores reales de los objetos de manera muy fiel. Ropa, aparatos tecnol\u00f3gicos, juguetes, comida&#8230; sea lo que sea lo que hay que hacer destacar, con esta iluminaci\u00f3n ofrecer\u00e1 su mejor cada a clientes y visitantes.<\/p>\n<p><a href=\"https:\/\/lightingspain.com\/3022-292-lampara-colgante-nut-lzf.html#\/39-color-amarillo\"><img loading=\"lazy\" decoding=\"async\" class=\"aligncenter size-full wp-image-5093\" src=\"https:\/\/lightingspain.com\/blog\/wp-content\/uploads\/2018\/10\/Nut-LZF-Lampara-colgante.jpg\" alt=\"Nut LZF L\u00e1mpara colgante\" width=\"800\" height=\"882\" \/><\/a><\/p>\n<p><em>Visita el producto en nuestra tienda: <a href=\"https:\/\/lightingspain.com\/3022-292-lampara-colgante-nut-lzf.html#\/39-color-amarillo\"><strong>L\u00e1mpara colgante, Nut<\/strong><\/a><\/em><\/p>\n<p>Gracias a su capacidad de iluminar zonas concretas, el dise\u00f1o de iluminaci\u00f3n de un negocio o tienda puede ser todo lo creativo que quieras, sin tener que hacer una gran inversi\u00f3n.<\/p>\n<p><a href=\"https:\/\/lightingspain.com\/\"><img loading=\"lazy\" decoding=\"async\" class=\"aligncenter size-full wp-image-3314\" src=\"https:\/\/lightingspain.com\/blog\/wp-content\/uploads\/2021\/09\/Te-regalamos-10-\u20ac-en-tu-primer-pedido-1.png\" alt=\"Oferta especial lamparas cupon descuento\" width=\"2000\" height=\"1000\" srcset=\"https:\/\/lightingspain.com\/blog\/wp-content\/uploads\/2021\/09\/Te-regalamos-10-\u20ac-en-tu-primer-pedido-1.png 2000w, https:\/\/lightingspain.com\/blog\/wp-content\/uploads\/2021\/09\/Te-regalamos-10-\u20ac-en-tu-primer-pedido-1-300x150.png 300w, https:\/\/lightingspain.com\/blog\/wp-content\/uploads\/2021\/09\/Te-regalamos-10-\u20ac-en-tu-primer-pedido-1-1024x512.png 1024w, https:\/\/lightingspain.com\/blog\/wp-content\/uploads\/2021\/09\/Te-regalamos-10-\u20ac-en-tu-primer-pedido-1-768x384.png 768w, https:\/\/lightingspain.com\/blog\/wp-content\/uploads\/2021\/09\/Te-regalamos-10-\u20ac-en-tu-primer-pedido-1-1536x768.png 1536w, https:\/\/lightingspain.com\/blog\/wp-content\/uploads\/2021\/09\/Te-regalamos-10-\u20ac-en-tu-primer-pedido-1-1920x960.png 1920w, https:\/\/lightingspain.com\/blog\/wp-content\/uploads\/2021\/09\/Te-regalamos-10-\u20ac-en-tu-primer-pedido-1-1170x585.png 1170w, https:\/\/lightingspain.com\/blog\/wp-content\/uploads\/2021\/09\/Te-regalamos-10-\u20ac-en-tu-primer-pedido-1-585x293.png 585w\" sizes=\"(max-width: 2000px) 100vw, 2000px\" \/><\/a><\/p>\n<h4><strong>En despachos y oficinas, las luces de acento son necesarias<\/strong><\/h4>\n<div class=\"col-md-6 col-sm-6 col-xs-12 fondoGris grupoPrimeraLinea\">No importa cu\u00e1l sea la actividad de la empresa , la iluminaci\u00f3n es uno de los puntos clave, que adem\u00e1s supone tambi\u00e9n uno de los gastos fijos a los que hay que hacer frente en el d\u00eda a d\u00eda del negocio.<\/div>\n<div><\/div>\n<\/div>\n<div class=\"col-md-6 col-sm-6 col-xs-12 fondoGris grupoPrimeraLinea\"><a href=\"https:\/\/lightingspain.com\/4567-aplique-de-pared-led-moderno-en-acero-blanco-suau-pujol-iluminacion.html\"><img loading=\"lazy\" decoding=\"async\" class=\"aligncenter size-full wp-image-442\" src=\"https:\/\/lightingspain.com\/wp\/wp-content\/uploads\/2018\/10\/A-163-AMB.jpg\" alt=\"\" width=\"1050\" height=\"1120\" \/><\/a><\/div>\n<div><em>Visita el producto en nuestra tienda: <a href=\"https:\/\/lightingspain.com\/4567-aplique-de-pared-led-moderno-en-acero-blanco-suau-pujol-iluminacion.html\"><strong>L\u00e1mpara de pared, Suau<\/strong><\/a><\/em><\/div>\n<div class=\"col-md-6 col-sm-6 col-xs-12 fondoGris grupoPrimeraLinea\"><\/div>\n<div class=\"col-md-6 col-sm-6 col-xs-12 fondoGris grupoPrimeraLinea\"><a href=\"https:\/\/lightingspain.com\/179043-673652-aplique-de-pared-cooper-novolux-exo-aplique-decorativo-blanco-y-negro-led-3000k-24-cm.html#\/36-color-negro\"><img loading=\"lazy\" decoding=\"async\" class=\"aligncenter size-full wp-image-5101\" src=\"https:\/\/lightingspain.com\/blog\/wp-content\/uploads\/2018\/10\/Cooper-Novolux-Aplique-de-pared.jpg\" alt=\"Cooper Novolux Aplique de pared\" width=\"800\" height=\"445\" srcset=\"https:\/\/lightingspain.com\/blog\/wp-content\/uploads\/2018\/10\/Cooper-Novolux-Aplique-de-pared.jpg 800w, https:\/\/lightingspain.com\/blog\/wp-content\/uploads\/2018\/10\/Cooper-Novolux-Aplique-de-pared-300x167.jpg 300w, https:\/\/lightingspain.com\/blog\/wp-content\/uploads\/2018\/10\/Cooper-Novolux-Aplique-de-pared-768x427.jpg 768w, https:\/\/lightingspain.com\/blog\/wp-content\/uploads\/2018\/10\/Cooper-Novolux-Aplique-de-pared-585x325.jpg 585w\" sizes=\"(max-width: 800px) 100vw, 800px\" \/><\/a><\/div>\n<div><em>Visita el producto en nuestra tienda: <strong><a href=\"https:\/\/lightingspain.com\/179043-673652-aplique-de-pared-cooper-novolux-exo-aplique-decorativo-blanco-y-negro-led-3000k-24-cm.html#\/36-color-negro\">Aplique de pared, Cooper<\/a><\/strong><\/em><\/div>\n<div class=\"col-md-6 col-sm-6 col-xs-12 fondoGris grupoPrimeraLinea\"><\/div>\n<div id=\"category_description_short\" class=\"t-body__text c-category-description__text\">\n<h3>Qu\u00e9 ventaja aportan las luces\u00a0LED<\/h3>\n<p>\u00b7 El ahorro<br \/>\nUna luz LED es capaz de generar un ahorro de hasta el 90% con respecto a las luces incandescentes. La \u00f3ptima conducci\u00f3n de los materiales es la responsable de esta diferencia. Adem\u00e1s, como ya hemos comentado, la duraci\u00f3n tambi\u00e9n es notablemente superior: frente a las 1 000 horas de vida \u00fatil de una bombilla incandescente, un LED llega hasta las 50 000 horas.<\/p>\n<p><a href=\"https:\/\/lightingspain.com\/185389-lampara-colgante-alive-ledsc4.html\"><img loading=\"lazy\" decoding=\"async\" class=\"aligncenter size-full wp-image-5108\" src=\"https:\/\/lightingspain.com\/blog\/wp-content\/uploads\/2018\/10\/Alive-LedsC4-Lampara-colgante.jpg\" alt=\"Alive LedsC4 L\u00e1mpara colgante\" width=\"800\" height=\"577\" \/><\/a><\/p>\n<p><em>Visita el producto en nuestra tienda: <a href=\"https:\/\/lightingspain.com\/185389-lampara-colgante-alive-ledsc4.html\"><strong>L\u00e1mpara colgante, Alive<\/strong><\/a><\/em><\/p>\n<p>\u00b7 La versatilidad<br \/>\nla disposici\u00f3n que le demos a una misma l\u00e1mpara puede convertirla en una agradable luz de ambiente, o en una iluminaci\u00f3n puntual, tambi\u00e9n conocida como \u00abde acento\u00bb.<\/p>\n<p><a href=\"https:\/\/lightingspain.com\/7302-sumo.html\"><img loading=\"lazy\" decoding=\"async\" class=\"aligncenter size-full wp-image-444\" src=\"https:\/\/lightingspain.com\/wp\/wp-content\/uploads\/2018\/10\/163.jpg\" alt=\"\" width=\"1475\" height=\"1966\" \/><\/a><\/p>\n<\/div>\n<p><em>Visita el producto en nuestra tienda: <a href=\"https:\/\/lightingspain.com\/7302-sumo.html\"><strong>L\u00e1mpara colgante de artecoon, Sumo<\/strong><\/a><\/em><\/p>\n<p><a href=\"https:\/\/lightingspain.com\/172314-aplique-de-pared-moderno-arcos.html?refSrc=19943&amp;nosto=nosto-page-product1\"><img loading=\"lazy\" decoding=\"async\" class=\"aligncenter size-full wp-image-5112\" src=\"https:\/\/lightingspain.com\/blog\/wp-content\/uploads\/2018\/10\/Arcos-Pujol-Aplique-de-pared.jpg\" alt=\"Arcos Pujol Aplique de pared\" width=\"800\" height=\"725\" srcset=\"https:\/\/lightingspain.com\/blog\/wp-content\/uploads\/2018\/10\/Arcos-Pujol-Aplique-de-pared.jpg 800w, https:\/\/lightingspain.com\/blog\/wp-content\/uploads\/2018\/10\/Arcos-Pujol-Aplique-de-pared-300x272.jpg 300w, https:\/\/lightingspain.com\/blog\/wp-content\/uploads\/2018\/10\/Arcos-Pujol-Aplique-de-pared-768x696.jpg 768w, https:\/\/lightingspain.com\/blog\/wp-content\/uploads\/2018\/10\/Arcos-Pujol-Aplique-de-pared-585x530.jpg 585w\" sizes=\"(max-width: 800px) 100vw, 800px\" \/><\/a><\/p>\n<p><em>Visita el producto en nuestra tienda: <a href=\"https:\/\/lightingspain.com\/172314-aplique-de-pared-moderno-arcos.html?refSrc=19943&amp;nosto=nosto-page-product1\"><strong>Aplique de pared moderno, Arcos\u00a0<\/strong><\/a><\/em><\/p>\n<div id=\"category_description_short\" class=\"t-body__text c-category-description__text\">\n<h3>Tipos de iluminaci\u00f3n en tu negocio<\/h3>\n<p>Es necesario tener una iluminaci\u00f3n general agradable, que invite a los clientes a moverse por el espacio con seguridad y que resulte agradable a la vista. De la misma manera, tambi\u00e9n es aconsejable dirigir la mirada hacia los art\u00edculos o zonas que m\u00e1s nos interese destacar.<\/p>\n<p>En lo que respecta a c\u00f3mo materializar este dise\u00f1o, es algo realmente f\u00e1cil. Desde las tiras LED hasta los focos, pasando por las bombillas o las placas, puedes elegir lo que mejor se adapte a tu negocio y a la decoraci\u00f3n que tengas en \u00e9l.<\/p>\n<p><a href=\"https:\/\/lightingspain.com\/186362-foco-ajustable-carril-trifasico-creta-mantra.html?refSrc=191444&amp;nosto=nosto-page-product1\"><img loading=\"lazy\" decoding=\"async\" class=\"aligncenter size-full wp-image-5119\" src=\"https:\/\/lightingspain.com\/blog\/wp-content\/uploads\/2018\/10\/Creta-Mantra-Foco-ajustable-carril.jpg\" alt=\"Creta Mantra Foco ajustable de carril\" width=\"800\" height=\"497\" srcset=\"https:\/\/lightingspain.com\/blog\/wp-content\/uploads\/2018\/10\/Creta-Mantra-Foco-ajustable-carril.jpg 800w, https:\/\/lightingspain.com\/blog\/wp-content\/uploads\/2018\/10\/Creta-Mantra-Foco-ajustable-carril-300x186.jpg 300w, https:\/\/lightingspain.com\/blog\/wp-content\/uploads\/2018\/10\/Creta-Mantra-Foco-ajustable-carril-768x477.jpg 768w, https:\/\/lightingspain.com\/blog\/wp-content\/uploads\/2018\/10\/Creta-Mantra-Foco-ajustable-carril-585x363.jpg 585w\" sizes=\"(max-width: 800px) 100vw, 800px\" \/><\/a><\/p>\n<p><em>Visita el producto en nuestra tienda: <a href=\"https:\/\/lightingspain.com\/186362-foco-ajustable-carril-trifasico-creta-mantra.html?refSrc=191444&amp;nosto=nosto-page-product1\"><strong>Foco ajustable de carril, Creta<\/strong><\/a><\/em><\/p>\n<p><a href=\"https:\/\/lightingspain.com\/191483-foco-de-techo-plus-beneito-faure.html\"><img loading=\"lazy\" decoding=\"async\" class=\"aligncenter size-full wp-image-5123\" src=\"https:\/\/lightingspain.com\/blog\/wp-content\/uploads\/2018\/10\/Plus-BeneitoFaure-Foco.jpg\" alt=\"Plus Beneito &amp; Faure Foco de techo\" width=\"800\" height=\"600\" srcset=\"https:\/\/lightingspain.com\/blog\/wp-content\/uploads\/2018\/10\/Plus-BeneitoFaure-Foco.jpg 800w, https:\/\/lightingspain.com\/blog\/wp-content\/uploads\/2018\/10\/Plus-BeneitoFaure-Foco-300x225.jpg 300w, https:\/\/lightingspain.com\/blog\/wp-content\/uploads\/2018\/10\/Plus-BeneitoFaure-Foco-768x576.jpg 768w, https:\/\/lightingspain.com\/blog\/wp-content\/uploads\/2018\/10\/Plus-BeneitoFaure-Foco-585x439.jpg 585w\" sizes=\"(max-width: 800px) 100vw, 800px\" \/><\/a><\/p>\n<p><em>Visita el producto en nuestra tienda: <a href=\"https:\/\/lightingspain.com\/191483-foco-de-techo-plus-beneito-faure.html\"><strong>Foco de techo, Plus<\/strong><\/a><\/em><\/p>\n<p><a href=\"https:\/\/lightingspain.com\/\"><img loading=\"lazy\" decoding=\"async\" class=\"aligncenter size-medium wp-image-2999\" src=\"https:\/\/lightingspain.com\/blog\/wp-content\/uploads\/2019\/07\/LightingSpain-2-300x73.jpg\" alt=\"\" width=\"300\" height=\"73\" srcset=\"https:\/\/lightingspain.com\/blog\/wp-content\/uploads\/2019\/07\/LightingSpain-2-300x73.jpg 300w, https:\/\/lightingspain.com\/blog\/wp-content\/uploads\/2019\/07\/LightingSpain-2-768x188.jpg 768w, https:\/\/lightingspain.com\/blog\/wp-content\/uploads\/2019\/07\/LightingSpain-2-585x143.jpg 585w, https:\/\/lightingspain.com\/blog\/wp-content\/uploads\/2019\/07\/LightingSpain-2.jpg 1024w\" sizes=\"(max-width: 300px) 100vw, 300px\" \/><\/a><\/p>\n<\/div>\n","protected":false},"excerpt":{"rendered":"<p>Iluminar una tienda o un negocio, no importa el tama\u00f1o que tenga, requiere de una planificaci\u00f3n previa y de un estudio de qu\u00e9 tipo&hellip;<\/p>\n","protected":false},"author":2,"featured_media":5126,"comment_status":"closed","ping_status":"closed","sticky":false,"template":"","format":"image","meta":{"footnotes":""},"categories":[3,30],"tags":[],"class_list":["post-426","post","type-post","status-publish","format-image","has-post-thumbnail","hentry","category-consejos-de-iluminacion","category-proyectos-de-iluminacion","post_format-post-format-image"],"yoast_head":"<!-- This site is optimized with the Yoast SEO plugin v23.4 - https:\/\/yoast.com\/wordpress\/plugins\/seo\/ -->\n<title>Iluminaci\u00f3n LED en tu tienda. Aspectos a tener en cuenta - Blog lightingspain<\/title>\n<meta name=\"description\" content=\"Aprovecha la tecnolog\u00eda LED para ahorrar en la factura de la luz de tu tienda o negocio. Las mejores estrategias, con ejemplos y consejos, para que tu negocio tenga un ambiente agradable y que d\u00e9 confort a tus clientes y visitantes.\" \/>\n<meta name=\"robots\" content=\"index, follow, max-snippet:-1, max-image-preview:large, max-video-preview:-1\" \/>\n<link rel=\"canonical\" href=\"https:\/\/lightingspain.com\/blog\/iluminacion-led-en-tu-tienda-aspectos-a-tener-en-cuenta\/\" \/>\n<meta property=\"og:locale\" content=\"es_ES\" \/>\n<meta property=\"og:type\" content=\"article\" \/>\n<meta property=\"og:title\" content=\"Iluminaci\u00f3n LED en tu tienda. Aspectos a tener en cuenta - Blog lightingspain\" \/>\n<meta property=\"og:description\" content=\"Aprovecha la tecnolog\u00eda LED para ahorrar en la factura de la luz de tu tienda o negocio. Las mejores estrategias, con ejemplos y consejos, para que tu negocio tenga un ambiente agradable y que d\u00e9 confort a tus clientes y visitantes.\" \/>\n<meta property=\"og:url\" content=\"https:\/\/lightingspain.com\/blog\/iluminacion-led-en-tu-tienda-aspectos-a-tener-en-cuenta\/\" \/>\n<meta property=\"og:site_name\" content=\"Blog lightingspain\" \/>\n<meta property=\"article:published_time\" content=\"2025-03-06T13:56:19+00:00\" \/>\n<meta property=\"article:modified_time\" content=\"2025-03-21T08:40:31+00:00\" \/>\n<meta property=\"og:image\" content=\"https:\/\/lightingspain.com\/blog\/wp-content\/uploads\/2025\/03\/Tienda-portada-e1742546425896.jpg\" \/>\n\t<meta property=\"og:image:width\" content=\"500\" \/>\n\t<meta property=\"og:image:height\" content=\"340\" \/>\n\t<meta property=\"og:image:type\" content=\"image\/jpeg\" \/>\n<meta name=\"author\" content=\"Lightingspain\" \/>\n<meta name=\"twitter:card\" content=\"summary_large_image\" \/>\n<meta name=\"twitter:label1\" content=\"Escrito por\" \/>\n\t<meta name=\"twitter:data1\" content=\"Lightingspain\" \/>\n\t<meta name=\"twitter:label2\" content=\"Tiempo de lectura\" \/>\n\t<meta name=\"twitter:data2\" content=\"7 minutos\" \/>\n<script type=\"application\/ld+json\" class=\"yoast-schema-graph\">{\"@context\":\"https:\/\/schema.org\",\"@graph\":[{\"@type\":\"WebPage\",\"@id\":\"https:\/\/lightingspain.com\/blog\/iluminacion-led-en-tu-tienda-aspectos-a-tener-en-cuenta\/\",\"url\":\"https:\/\/lightingspain.com\/blog\/iluminacion-led-en-tu-tienda-aspectos-a-tener-en-cuenta\/\",\"name\":\"Iluminaci\u00f3n LED en tu tienda. Aspectos a tener en cuenta - Blog lightingspain\",\"isPartOf\":{\"@id\":\"https:\/\/lightingspain.com\/blog\/#website\"},\"primaryImageOfPage\":{\"@id\":\"https:\/\/lightingspain.com\/blog\/iluminacion-led-en-tu-tienda-aspectos-a-tener-en-cuenta\/#primaryimage\"},\"image\":{\"@id\":\"https:\/\/lightingspain.com\/blog\/iluminacion-led-en-tu-tienda-aspectos-a-tener-en-cuenta\/#primaryimage\"},\"thumbnailUrl\":\"https:\/\/lightingspain.com\/blog\/wp-content\/uploads\/2025\/03\/Tienda-portada-e1742546425896.jpg\",\"datePublished\":\"2025-03-06T13:56:19+00:00\",\"dateModified\":\"2025-03-21T08:40:31+00:00\",\"author\":{\"@id\":\"https:\/\/lightingspain.com\/blog\/#\/schema\/person\/f151c75014f33473ada8d83e3d2c43b7\"},\"description\":\"Aprovecha la tecnolog\u00eda LED para ahorrar en la factura de la luz de tu tienda o negocio. Las mejores estrategias, con ejemplos y consejos, para que tu negocio tenga un ambiente agradable y que d\u00e9 confort a tus clientes y visitantes.\",\"breadcrumb\":{\"@id\":\"https:\/\/lightingspain.com\/blog\/iluminacion-led-en-tu-tienda-aspectos-a-tener-en-cuenta\/#breadcrumb\"},\"inLanguage\":\"es\",\"potentialAction\":[{\"@type\":\"ReadAction\",\"target\":[\"https:\/\/lightingspain.com\/blog\/iluminacion-led-en-tu-tienda-aspectos-a-tener-en-cuenta\/\"]}]},{\"@type\":\"ImageObject\",\"inLanguage\":\"es\",\"@id\":\"https:\/\/lightingspain.com\/blog\/iluminacion-led-en-tu-tienda-aspectos-a-tener-en-cuenta\/#primaryimage\",\"url\":\"https:\/\/lightingspain.com\/blog\/wp-content\/uploads\/2025\/03\/Tienda-portada-e1742546425896.jpg\",\"contentUrl\":\"https:\/\/lightingspain.com\/blog\/wp-content\/uploads\/2025\/03\/Tienda-portada-e1742546425896.jpg\",\"width\":500,\"height\":340},{\"@type\":\"BreadcrumbList\",\"@id\":\"https:\/\/lightingspain.com\/blog\/iluminacion-led-en-tu-tienda-aspectos-a-tener-en-cuenta\/#breadcrumb\",\"itemListElement\":[{\"@type\":\"ListItem\",\"position\":1,\"name\":\"Portada\",\"item\":\"https:\/\/lightingspain.com\/blog\/\"},{\"@type\":\"ListItem\",\"position\":2,\"name\":\"Iluminaci\u00f3n LED en tu tienda. Aspectos a tener en cuenta\"}]},{\"@type\":\"WebSite\",\"@id\":\"https:\/\/lightingspain.com\/blog\/#website\",\"url\":\"https:\/\/lightingspain.com\/blog\/\",\"name\":\"Blog lightingspain\",\"description\":\"Otro sitio realizado con WordPress\",\"potentialAction\":[{\"@type\":\"SearchAction\",\"target\":{\"@type\":\"EntryPoint\",\"urlTemplate\":\"https:\/\/lightingspain.com\/blog\/?s={search_term_string}\"},\"query-input\":{\"@type\":\"PropertyValueSpecification\",\"valueRequired\":true,\"valueName\":\"search_term_string\"}}],\"inLanguage\":\"es\"},{\"@type\":\"Person\",\"@id\":\"https:\/\/lightingspain.com\/blog\/#\/schema\/person\/f151c75014f33473ada8d83e3d2c43b7\",\"name\":\"Lightingspain\",\"image\":{\"@type\":\"ImageObject\",\"inLanguage\":\"es\",\"@id\":\"https:\/\/lightingspain.com\/blog\/#\/schema\/person\/image\/\",\"url\":\"https:\/\/secure.gravatar.com\/avatar\/?s=96&d=mm&r=g\",\"contentUrl\":\"https:\/\/secure.gravatar.com\/avatar\/?s=96&d=mm&r=g\",\"caption\":\"Lightingspain\"},\"url\":\"https:\/\/lightingspain.com\/blog\/author\/lightingspain\/\"}]}<\/script>\n<!-- \/ Yoast SEO plugin. -->","yoast_head_json":{"title":"Iluminaci\u00f3n LED en tu tienda. Aspectos a tener en cuenta - Blog lightingspain","description":"Aprovecha la tecnolog\u00eda LED para ahorrar en la factura de la luz de tu tienda o negocio. Las mejores estrategias, con ejemplos y consejos, para que tu negocio tenga un ambiente agradable y que d\u00e9 confort a tus clientes y visitantes.","robots":{"index":"index","follow":"follow","max-snippet":"max-snippet:-1","max-image-preview":"max-image-preview:large","max-video-preview":"max-video-preview:-1"},"canonical":"https:\/\/lightingspain.com\/blog\/iluminacion-led-en-tu-tienda-aspectos-a-tener-en-cuenta\/","og_locale":"es_ES","og_type":"article","og_title":"Iluminaci\u00f3n LED en tu tienda. Aspectos a tener en cuenta - Blog lightingspain","og_description":"Aprovecha la tecnolog\u00eda LED para ahorrar en la factura de la luz de tu tienda o negocio. Las mejores estrategias, con ejemplos y consejos, para que tu negocio tenga un ambiente agradable y que d\u00e9 confort a tus clientes y visitantes.","og_url":"https:\/\/lightingspain.com\/blog\/iluminacion-led-en-tu-tienda-aspectos-a-tener-en-cuenta\/","og_site_name":"Blog lightingspain","article_published_time":"2025-03-06T13:56:19+00:00","article_modified_time":"2025-03-21T08:40:31+00:00","og_image":[{"width":500,"height":340,"url":"https:\/\/lightingspain.com\/blog\/wp-content\/uploads\/2025\/03\/Tienda-portada-e1742546425896.jpg","type":"image\/jpeg"}],"author":"Lightingspain","twitter_card":"summary_large_image","twitter_misc":{"Escrito por":"Lightingspain","Tiempo de lectura":"7 minutos"},"schema":{"@context":"https:\/\/schema.org","@graph":[{"@type":"WebPage","@id":"https:\/\/lightingspain.com\/blog\/iluminacion-led-en-tu-tienda-aspectos-a-tener-en-cuenta\/","url":"https:\/\/lightingspain.com\/blog\/iluminacion-led-en-tu-tienda-aspectos-a-tener-en-cuenta\/","name":"Iluminaci\u00f3n LED en tu tienda. Aspectos a tener en cuenta - Blog lightingspain","isPartOf":{"@id":"https:\/\/lightingspain.com\/blog\/#website"},"primaryImageOfPage":{"@id":"https:\/\/lightingspain.com\/blog\/iluminacion-led-en-tu-tienda-aspectos-a-tener-en-cuenta\/#primaryimage"},"image":{"@id":"https:\/\/lightingspain.com\/blog\/iluminacion-led-en-tu-tienda-aspectos-a-tener-en-cuenta\/#primaryimage"},"thumbnailUrl":"https:\/\/lightingspain.com\/blog\/wp-content\/uploads\/2025\/03\/Tienda-portada-e1742546425896.jpg","datePublished":"2025-03-06T13:56:19+00:00","dateModified":"2025-03-21T08:40:31+00:00","author":{"@id":"https:\/\/lightingspain.com\/blog\/#\/schema\/person\/f151c75014f33473ada8d83e3d2c43b7"},"description":"Aprovecha la tecnolog\u00eda LED para ahorrar en la factura de la luz de tu tienda o negocio. Las mejores estrategias, con ejemplos y consejos, para que tu negocio tenga un ambiente agradable y que d\u00e9 confort a tus clientes y visitantes.","breadcrumb":{"@id":"https:\/\/lightingspain.com\/blog\/iluminacion-led-en-tu-tienda-aspectos-a-tener-en-cuenta\/#breadcrumb"},"inLanguage":"es","potentialAction":[{"@type":"ReadAction","target":["https:\/\/lightingspain.com\/blog\/iluminacion-led-en-tu-tienda-aspectos-a-tener-en-cuenta\/"]}]},{"@type":"ImageObject","inLanguage":"es","@id":"https:\/\/lightingspain.com\/blog\/iluminacion-led-en-tu-tienda-aspectos-a-tener-en-cuenta\/#primaryimage","url":"https:\/\/lightingspain.com\/blog\/wp-content\/uploads\/2025\/03\/Tienda-portada-e1742546425896.jpg","contentUrl":"https:\/\/lightingspain.com\/blog\/wp-content\/uploads\/2025\/03\/Tienda-portada-e1742546425896.jpg","width":500,"height":340},{"@type":"BreadcrumbList","@id":"https:\/\/lightingspain.com\/blog\/iluminacion-led-en-tu-tienda-aspectos-a-tener-en-cuenta\/#breadcrumb","itemListElement":[{"@type":"ListItem","position":1,"name":"Portada","item":"https:\/\/lightingspain.com\/blog\/"},{"@type":"ListItem","position":2,"name":"Iluminaci\u00f3n LED en tu tienda. Aspectos a tener en cuenta"}]},{"@type":"WebSite","@id":"https:\/\/lightingspain.com\/blog\/#website","url":"https:\/\/lightingspain.com\/blog\/","name":"Blog lightingspain","description":"Otro sitio realizado con WordPress","potentialAction":[{"@type":"SearchAction","target":{"@type":"EntryPoint","urlTemplate":"https:\/\/lightingspain.com\/blog\/?s={search_term_string}"},"query-input":{"@type":"PropertyValueSpecification","valueRequired":true,"valueName":"search_term_string"}}],"inLanguage":"es"},{"@type":"Person","@id":"https:\/\/lightingspain.com\/blog\/#\/schema\/person\/f151c75014f33473ada8d83e3d2c43b7","name":"Lightingspain","image":{"@type":"ImageObject","inLanguage":"es","@id":"https:\/\/lightingspain.com\/blog\/#\/schema\/person\/image\/","url":"https:\/\/secure.gravatar.com\/avatar\/?s=96&d=mm&r=g","contentUrl":"https:\/\/secure.gravatar.com\/avatar\/?s=96&d=mm&r=g","caption":"Lightingspain"},"url":"https:\/\/lightingspain.com\/blog\/author\/lightingspain\/"}]}},"_links":{"self":[{"href":"https:\/\/lightingspain.com\/blog\/wp-json\/wp\/v2\/posts\/426"}],"collection":[{"href":"https:\/\/lightingspain.com\/blog\/wp-json\/wp\/v2\/posts"}],"about":[{"href":"https:\/\/lightingspain.com\/blog\/wp-json\/wp\/v2\/types\/post"}],"author":[{"embeddable":true,"href":"https:\/\/lightingspain.com\/blog\/wp-json\/wp\/v2\/users\/2"}],"replies":[{"embeddable":true,"href":"https:\/\/lightingspain.com\/blog\/wp-json\/wp\/v2\/comments?post=426"}],"version-history":[{"count":19,"href":"https:\/\/lightingspain.com\/blog\/wp-json\/wp\/v2\/posts\/426\/revisions"}],"predecessor-version":[{"id":5125,"href":"https:\/\/lightingspain.com\/blog\/wp-json\/wp\/v2\/posts\/426\/revisions\/5125"}],"wp:featuredmedia":[{"embeddable":true,"href":"https:\/\/lightingspain.com\/blog\/wp-json\/wp\/v2\/media\/5126"}],"wp:attachment":[{"href":"https:\/\/lightingspain.com\/blog\/wp-json\/wp\/v2\/media?parent=426"}],"wp:term":[{"taxonomy":"category","embeddable":true,"href":"https:\/\/lightingspain.com\/blog\/wp-json\/wp\/v2\/categories?post=426"},{"taxonomy":"post_tag","embeddable":true,"href":"https:\/\/lightingspain.com\/blog\/wp-json\/wp\/v2\/tags?post=426"}],"curies":[{"name":"wp","href":"https:\/\/api.w.org\/{rel}","templated":true}]}}