{"id":2668,"date":"2024-06-23T17:35:43","date_gmt":"2024-06-23T17:35:43","guid":{"rendered":"http:\/\/lightingspain.com\/wp\/?p=2668"},"modified":"2025-03-17T09:03:13","modified_gmt":"2025-03-17T09:03:13","slug":"ventiladores-techo-silenciosos-para-verano","status":"publish","type":"post","link":"https:\/\/lightingspain.com\/blog\/ventiladores-techo-silenciosos-para-verano\/","title":{"rendered":"6 ventiladores de techo silenciosos para este verano"},"content":{"rendered":"<p>Preparados, listos, comienza la cuenta atr\u00e1s para dar la bienvenida al aumento de las temperaturas. El cambio de horario es se\u00f1al inequ\u00edvoca que se acerca una de nuestras estaciones preferidas, el verano.<\/p>\n<p><!--more--><\/p>\n<p>Un a\u00f1o m\u00e1s tanto las instituciones como cualquier tipo de local o espacio p\u00fablico se preparan para soportar y hacer frente a los meses m\u00e1s calurosos del a\u00f1o. Sin embargo, todav\u00eda son muchos los hogares que intentan sobrevivir a estas temperaturas sin ayuda de ning\u00fan aparato electr\u00f3nico. Ya sea por el gran consumo de energ\u00eda que requieren, su elevado coste o por una cuesti\u00f3n medioambiental, el aire acondicionado sigue generando ciertos recelos entre los usuarios.<\/p>\n<p><a href=\"https:\/\/lightingspain.com\/\"><img loading=\"lazy\" decoding=\"async\" class=\"aligncenter size-full wp-image-3314\" src=\"https:\/\/lightingspain.com\/blog\/wp-content\/uploads\/2021\/09\/Te-regalamos-10-\u20ac-en-tu-primer-pedido-1.png\" alt=\"Oferta especial lamparas cupon descuento\" width=\"2000\" height=\"1000\" srcset=\"https:\/\/lightingspain.com\/blog\/wp-content\/uploads\/2021\/09\/Te-regalamos-10-\u20ac-en-tu-primer-pedido-1.png 2000w, https:\/\/lightingspain.com\/blog\/wp-content\/uploads\/2021\/09\/Te-regalamos-10-\u20ac-en-tu-primer-pedido-1-300x150.png 300w, https:\/\/lightingspain.com\/blog\/wp-content\/uploads\/2021\/09\/Te-regalamos-10-\u20ac-en-tu-primer-pedido-1-1024x512.png 1024w, https:\/\/lightingspain.com\/blog\/wp-content\/uploads\/2021\/09\/Te-regalamos-10-\u20ac-en-tu-primer-pedido-1-768x384.png 768w, https:\/\/lightingspain.com\/blog\/wp-content\/uploads\/2021\/09\/Te-regalamos-10-\u20ac-en-tu-primer-pedido-1-1536x768.png 1536w, https:\/\/lightingspain.com\/blog\/wp-content\/uploads\/2021\/09\/Te-regalamos-10-\u20ac-en-tu-primer-pedido-1-1920x960.png 1920w, https:\/\/lightingspain.com\/blog\/wp-content\/uploads\/2021\/09\/Te-regalamos-10-\u20ac-en-tu-primer-pedido-1-1170x585.png 1170w, https:\/\/lightingspain.com\/blog\/wp-content\/uploads\/2021\/09\/Te-regalamos-10-\u20ac-en-tu-primer-pedido-1-585x293.png 585w\" sizes=\"(max-width: 2000px) 100vw, 2000px\" \/><\/a><\/p>\n<p>Aunque este aparato nos ayuda a refrescar la vivienda y soportar adecuadamente estas elevadas temperaturas,<strong> actualmente existen otras alternativas en el mercado mucho m\u00e1s sencillas y c\u00f3modas como los <a href=\"https:\/\/lightingspain.com\/262-ventiladores-de-techo\">ventiladores de techo<\/a>. <\/strong><\/p>\n<p><strong>Adem\u00e1s de ayudarnos a ahorrar energ\u00eda, estos aparatos de bajo consumo son f\u00e1ciles de instalar, se adaptan por completo a cualquier espacio y lo mejor, no hacen ning\u00fan tipo de ruido.<\/strong> Si est\u00e1s pensando en apostar por uno de ellos para afrontar el verano, no lo pienses m\u00e1s, desde aqu\u00ed te recomendamos los 6 ventiladores de techo m\u00e1s silenciosos para tu hogar.<\/p>\n<p><a href=\"https:\/\/lightingspain.com\/53000-ventilador-de-techo-con-luz-led-y-motor-dc-acabado-niquel-mate-manhattan-faro-8421776167711.html\"><img loading=\"lazy\" decoding=\"async\" class=\"aligncenter size-full wp-image-4257\" src=\"https:\/\/lightingspain.com\/blog\/wp-content\/uploads\/2022\/06\/Diseno-sin-titulo.png\" alt=\"Manhattan Faro Ventilador de techo con luz LED\" width=\"800\" height=\"605\" srcset=\"https:\/\/lightingspain.com\/blog\/wp-content\/uploads\/2022\/06\/Diseno-sin-titulo.png 800w, https:\/\/lightingspain.com\/blog\/wp-content\/uploads\/2022\/06\/Diseno-sin-titulo-300x227.png 300w, https:\/\/lightingspain.com\/blog\/wp-content\/uploads\/2022\/06\/Diseno-sin-titulo-768x581.png 768w, https:\/\/lightingspain.com\/blog\/wp-content\/uploads\/2022\/06\/Diseno-sin-titulo-585x442.png 585w\" sizes=\"(max-width: 800px) 100vw, 800px\" \/><\/a><\/p>\n<p><em>Visita el producto en nuestra tienda: <strong><a href=\"https:\/\/lightingspain.com\/53000-ventilador-de-techo-con-luz-led-y-motor-dc-acabado-niquel-mate-manhattan-faro-8421776167711.html\">Ventilador de techo con luz LED, Manhattan.<\/a><\/strong><\/em><\/p>\n<h2>Este verano olv\u00eddate del calor: 6 l\u00e1mparas ventilador silencioso<\/h2>\n<p>El tama\u00f1o, la forma, el n\u00famero de aspas y la incorporaci\u00f3n de iluminaci\u00f3n son algunas de las caracter\u00edsticas m\u00e1s importantes a tener en cuenta a la hora de <a href=\"https:\/\/lightingspain.com\/guia-ventiladores\">elegir <\/a><strong>el tipo de ventilador de techo que necesitamos para nuestra vivienda. <\/strong><\/p>\n<h3>Ventilador Tonic<\/h3>\n<p>Tan silencioso que pasar\u00e1 totalmente desapercibido. Con un dise\u00f1o vanguardista, el ventilador Tonic cuenta con seis velocidades y mando a distancia para conectar y desconectarlo sin realizar ning\u00fan esfuerzo.<\/p>\n<p>Su particular<strong> dise\u00f1o creado por la marca Faro y el uso de un sistema totalmente silencioso hacen que este ventilador se adapte con total armon\u00eda en tu hogar.<\/strong><\/p>\n<p><a href=\"https:\/\/lightingspain.com\/177580-ventilador-de-techo-con-luz-blanco-con-motor-dc-tonic-faro-8421776244528.html\"><img loading=\"lazy\" decoding=\"async\" class=\"aligncenter size-full wp-image-4264\" src=\"https:\/\/lightingspain.com\/blog\/wp-content\/uploads\/2022\/06\/Tonic-Faro-Ventilador-de-techo-con-luz-blanco-con-motor-DC-1.jpg\" alt=\"Tonic Faro Ventilador de techo con luz blanco con motor DC \" width=\"800\" height=\"487\" srcset=\"https:\/\/lightingspain.com\/blog\/wp-content\/uploads\/2022\/06\/Tonic-Faro-Ventilador-de-techo-con-luz-blanco-con-motor-DC-1.jpg 800w, https:\/\/lightingspain.com\/blog\/wp-content\/uploads\/2022\/06\/Tonic-Faro-Ventilador-de-techo-con-luz-blanco-con-motor-DC-1-300x183.jpg 300w, https:\/\/lightingspain.com\/blog\/wp-content\/uploads\/2022\/06\/Tonic-Faro-Ventilador-de-techo-con-luz-blanco-con-motor-DC-1-768x468.jpg 768w, https:\/\/lightingspain.com\/blog\/wp-content\/uploads\/2022\/06\/Tonic-Faro-Ventilador-de-techo-con-luz-blanco-con-motor-DC-1-585x356.jpg 585w\" sizes=\"(max-width: 800px) 100vw, 800px\" \/><\/a><\/p>\n<p><em>Visita el producto en nuestra tienda: <a href=\"https:\/\/lightingspain.com\/177580-ventilador-de-techo-con-luz-blanco-con-motor-dc-tonic-faro-8421776244528.html?nosto=nosto-page-category2\"><strong>Ventilador de techo con luz blanco, Tonic<\/strong><\/a><\/em><\/p>\n<div class=\"row\">\n<p>[dp_product id=177598 type=a domain=0 name=\u00bbVentilador de techo blanco ultrasilencioso, Samos\u00bb description=\u00bbhttps:\/\/lightingspain.com\/177598-ventilador-de-techo-blanco-con-motor-dc-samos-faro-8421776231467.html\u00bb button=\u00bbVer producto\u00bb with_taxes=1 with_price=1 ][dp_product id=52103 type=a domain=0 name=\u00bbVentilador y plaf\u00f3n de techo LED, Alisio\u00bb description=\u00bbhttps:\/\/lightingspain.com\/52103-10585-plafon-led-con-ventilador-disponible-en-dos-colores-con-mando-incluido-alisio-mantra-iluminacion.html\u00bb button=\u00bbVer producto\u00bb with_taxes=1 with_price=1 ][dp_product id=175776 type=a domain=0 name=\u00bbVentilador de techo con luz ultrasilencioso, Rodas\u00bb description=\u00bbhttps:\/\/lightingspain.com\/175776-ventilador-rodas.html\u00bb button=\u00bbVer producto\u00bb with_taxes=1 with_price=1 ][dp_product id=177580 type=a domain=0 name=\u00bbVentilador de techo blanco con 3 palas, Tonic\u00bb description=\u00bbhttps:\/\/lightingspain.com\/177580-ventilador-de-techo-con-luz-blanco-con-motor-dc-tonic-faro-8421776244528.html\u00bb button=\u00bbVer producto\u00bb with_taxes=1 with_price=1 ]<\/p>\n<\/div>\n<h3>Ventilador Nepal<\/h3>\n<p>Moderno y en tendencia. Nepal es otro de los grandes dise\u00f1os presentados por Mantra, siendo una gran apuesta no solo para ventilar nuestra vivienda, sino tambi\u00e9n para iluminarla con la luz LED que permite un mayor ahorro de energ\u00eda. Gracias a su motor DC, Nepal <strong>no emite ning\u00fan ruido<\/strong>, as\u00ed que se puede instalar\u00a0 incluso en dormitorios y zonas de estudio.<\/p>\n<p>Otro punto a destacar es que cuenta con la <strong>\u00faltima tecnolog\u00eda<\/strong> para que su manejo se realice de forma c\u00f3moda y r\u00e1pida a trav\u00e9s del mando a distancia, y, sobre todo, a trav\u00e9s del m\u00f3vil.<\/p>\n<p><a href=\"https:\/\/lightingspain.com\/177544-660327-plafon-ventilador-de-techo-con-luz-y-motor-dc-nepal-by-jose-ignacio-ballester-mantra.html#\/47-color-haya_natural\/1474-material-metal\"><img loading=\"lazy\" decoding=\"async\" class=\"alignnone size-full wp-image-3763\" src=\"https:\/\/lightingspain.com\/blog\/wp-content\/uploads\/2020\/04\/ventilador-plafon-de-techo-nepal-mantra-ventilador-elegante-led-con-mando.jpg\" alt=\"\" width=\"800\" height=\"533\" srcset=\"https:\/\/lightingspain.com\/blog\/wp-content\/uploads\/2020\/04\/ventilador-plafon-de-techo-nepal-mantra-ventilador-elegante-led-con-mando.jpg 800w, https:\/\/lightingspain.com\/blog\/wp-content\/uploads\/2020\/04\/ventilador-plafon-de-techo-nepal-mantra-ventilador-elegante-led-con-mando-300x200.jpg 300w, https:\/\/lightingspain.com\/blog\/wp-content\/uploads\/2020\/04\/ventilador-plafon-de-techo-nepal-mantra-ventilador-elegante-led-con-mando-768x512.jpg 768w, https:\/\/lightingspain.com\/blog\/wp-content\/uploads\/2020\/04\/ventilador-plafon-de-techo-nepal-mantra-ventilador-elegante-led-con-mando-585x390.jpg 585w, https:\/\/lightingspain.com\/blog\/wp-content\/uploads\/2020\/04\/ventilador-plafon-de-techo-nepal-mantra-ventilador-elegante-led-con-mando-263x175.jpg 263w\" sizes=\"(max-width: 800px) 100vw, 800px\" \/><\/a><em>Visita el producto en nuestra tienda: <a href=\"https:\/\/lightingspain.com\/177544-660327-plafon-ventilador-de-techo-con-luz-y-motor-dc-nepal-by-jose-ignacio-ballester-mantra.html#\/47-color-haya_natural\/1474-material-metal\"><strong>Ventilador plaf\u00f3n de techo LED, Nepal<\/strong><\/a><\/em><\/p>\n<h3>Ventilador Tilos<\/h3>\n<p>Sensaci\u00f3n de frescor inmediata. Perteneciente a <strong>la gama XL de la marca Faro Barcelona, el ventilador Tilos es una de las opciones m\u00e1s silenciosas del mercado<\/strong> y totalmente apto para techos inclinados.<\/p>\n<p>Sus seis palas aerodin\u00e1micas y ABS para sus palas hacen que sea perfecto para acabar con el calor dentro del hogar. Con un acabado en tono marr\u00f3n, aporta ese toque de sobriedad dentro de cualquier estancia.<\/p>\n<p><a href=\"https:\/\/lightingspain.com\/177575-ventilador-de-techo-marron-con-motor-dc-tilos-faro-8421776249684.html\"><img loading=\"lazy\" decoding=\"async\" class=\"alignnone wp-image-2718 size-full\" src=\"https:\/\/lightingspain.com\/wp\/wp-content\/uploads\/2020\/04\/ventilador-de-techo-con-6-palas-motoc-dc-silencioso-tilos-de-faro.jpg\" alt=\"\" width=\"800\" height=\"643\" \/><\/a><em>Visita el producto en nuestra tienda:<\/em> <a href=\"https:\/\/lightingspain.com\/177575-ventilador-de-techo-marron-con-motor-dc-tilos-faro-8421776249684.html\"><em><strong>Ventilador de techo grande con 6 palas, Tilos<\/strong><\/em><\/a><\/p>\n<h3>Ventilador Embat<\/h3>\n<p>El motor m\u00e1s silencioso del mercado. <strong>Disponible con hasta 5 velocidades totalmente regulables, el<a href=\"https:\/\/lightingspain.com\/175764-ventilador-embat.html\"> ventilador Embat <\/a>de la marca Leds C4 es, sin duda alguna, una de las mejores opciones para aquellos que buscan eliminar el calor en el verano<\/strong> y mejorar la eficacia de su sistema de calefacci\u00f3n en invierno.<\/p>\n<p>Sus l\u00edneas modernas y redondeadas se adaptan por completo a cualquier estilo y decoraci\u00f3n dentro de la vivienda.<\/p>\n<p><a href=\"https:\/\/lightingspain.com\/175764-ventilador-embat.html\"><img loading=\"lazy\" decoding=\"async\" class=\"alignnone size-full wp-image-3765\" src=\"https:\/\/lightingspain.com\/blog\/wp-content\/uploads\/2020\/04\/embat-ventilador-de-techo-palas-de-madera-led-leds-c4.jpg\" alt=\"\" width=\"780\" height=\"528\" srcset=\"https:\/\/lightingspain.com\/blog\/wp-content\/uploads\/2020\/04\/embat-ventilador-de-techo-palas-de-madera-led-leds-c4.jpg 780w, https:\/\/lightingspain.com\/blog\/wp-content\/uploads\/2020\/04\/embat-ventilador-de-techo-palas-de-madera-led-leds-c4-300x203.jpg 300w, https:\/\/lightingspain.com\/blog\/wp-content\/uploads\/2020\/04\/embat-ventilador-de-techo-palas-de-madera-led-leds-c4-768x520.jpg 768w, https:\/\/lightingspain.com\/blog\/wp-content\/uploads\/2020\/04\/embat-ventilador-de-techo-palas-de-madera-led-leds-c4-585x396.jpg 585w\" sizes=\"(max-width: 780px) 100vw, 780px\" \/><\/a><em>Visita el producto en nuestra tienda: <a href=\"https:\/\/lightingspain.com\/175764-ventilador-embat.html\"><strong>Ventilador de techo ultrasilencioso, Embat<\/strong><\/a><\/em><\/p>\n<div class=\"row\">\n<p>[dp_product id=177544 type=a domain=0 name=\u00bbVentilador plaf\u00f3n de techo LED, Nepal\u00bb description=\u00bbhttps:\/\/lightingspain.com\/177544-660327-plafon-ventilador-de-techo-con-luz-y-motor-dc-nepal-by-jose-ignacio-ballester-mantra.html\u00bb button=\u00bbVer producto\u00bb with_taxes=1 with_price=1 ][dp_product id=175776 type=a domain=0 name=\u00bbVentilador de techo grande con 6 palas, Tilos\u00bb description=\u00bbhttps:\/\/lightingspain.com\/177575-ventilador-de-techo-marron-con-motor-dc-tilos-faro-8421776249684.html\u00bb button=\u00bbVer producto\u00bb with_taxes=1 with_price=1 ][dp_product id=175764 type=a domain=0 name=\u00bbVentilador de techo ultrasilencioso, Embat\u00bb description=\u00bbhttps:\/\/lightingspain.com\/175764-ventilador-embat.html\u00bb button=\u00bbVer producto\u00bb with_taxes=1 with_price=1 ]<\/p>\n<\/div>\n<h3>Ventilador Tube<\/h3>\n<p>Moderno y con luz regulable.<strong> Al igual que el ventilador anterior, el modelo <a href=\"https:\/\/lightingspain.com\/53080-ventilador-de-techo-con-luz-acabado-marron-con-motor-dc-y-5-velocidades-leyte-faro.html\">Leyte<\/a> de la casa Faro cuenta con un motor DC<\/strong> y un sistema de funci\u00f3n inversa para usar durante todo el a\u00f1o.<\/p>\n<p>Con <strong>programador de 1, 4 y 8 horas<\/strong>, este ventilador de techo dispone de hasta 5 velocidades totalmente regulables.<\/p>\n<p><a href=\"https:\/\/lightingspain.com\/52654-ventilador-sin-luz-disponible-en-7-acabados-con-6-velocidades-regulables-oe-45-cm-tube-faro.html\"><img loading=\"lazy\" decoding=\"async\" class=\"alignnone size-full wp-image-3766\" src=\"https:\/\/lightingspain.com\/blog\/wp-content\/uploads\/2020\/04\/ventilador-de-techo-ultrasilencioso-palas-madera-tube-faro.jpg\" alt=\"\" width=\"800\" height=\"642\" srcset=\"https:\/\/lightingspain.com\/blog\/wp-content\/uploads\/2020\/04\/ventilador-de-techo-ultrasilencioso-palas-madera-tube-faro.jpg 800w, https:\/\/lightingspain.com\/blog\/wp-content\/uploads\/2020\/04\/ventilador-de-techo-ultrasilencioso-palas-madera-tube-faro-300x241.jpg 300w, https:\/\/lightingspain.com\/blog\/wp-content\/uploads\/2020\/04\/ventilador-de-techo-ultrasilencioso-palas-madera-tube-faro-768x616.jpg 768w, https:\/\/lightingspain.com\/blog\/wp-content\/uploads\/2020\/04\/ventilador-de-techo-ultrasilencioso-palas-madera-tube-faro-585x469.jpg 585w\" sizes=\"(max-width: 800px) 100vw, 800px\" \/><\/a><em>Visita el producto en nuestra tienda: <a href=\"https:\/\/lightingspain.com\/52654-ventilador-sin-luz-disponible-en-7-acabados-con-6-velocidades-regulables-oe-45-cm-tube-faro.html\"><strong>Ventilador de techo moderno con palas de madera, Tube<\/strong><\/a><\/em><\/p>\n<h3>Ventilador Cocos<\/h3>\n<p>L\u00edneas modernas para dar un toque diferente a tu hogar. Acabado en blanco y con 5 palas, el ventilador <a href=\"https:\/\/lightingspain.com\/53077-ventilador-de-techo-con-luz-acabado-blanco-con-5-palas-y-motor-dc-cocos-faro.html\">Coos<\/a> de la marca Faro es ideal para usar tanto en invierno como en verano.<\/p>\n<p><strong>Sus 6 velocidades regulables reducen al m\u00e1ximo su consumo,<\/strong> ofreciendo la mejor calidad y sin ning\u00fan tipo de ruido.<\/p>\n<p><em><a href=\"https:\/\/lightingspain.com\/177585-ventilador-de-techo-con-luz-blanco-y-motor-dc-smart-cocos-faro-8421776215771.html\"><img loading=\"lazy\" decoding=\"async\" class=\"aligncenter size-full wp-image-4270\" src=\"https:\/\/lightingspain.com\/blog\/wp-content\/uploads\/2022\/06\/Cocos-Faro-Ventilador-de-techo-con-luz-blanco-y-motor-DC-SMART.jpg\" alt=\"Cocos Faro Ventilador de techo con luz blanco y motor DC SMART \" width=\"800\" height=\"549\" srcset=\"https:\/\/lightingspain.com\/blog\/wp-content\/uploads\/2022\/06\/Cocos-Faro-Ventilador-de-techo-con-luz-blanco-y-motor-DC-SMART.jpg 800w, https:\/\/lightingspain.com\/blog\/wp-content\/uploads\/2022\/06\/Cocos-Faro-Ventilador-de-techo-con-luz-blanco-y-motor-DC-SMART-300x206.jpg 300w, https:\/\/lightingspain.com\/blog\/wp-content\/uploads\/2022\/06\/Cocos-Faro-Ventilador-de-techo-con-luz-blanco-y-motor-DC-SMART-768x527.jpg 768w, https:\/\/lightingspain.com\/blog\/wp-content\/uploads\/2022\/06\/Cocos-Faro-Ventilador-de-techo-con-luz-blanco-y-motor-DC-SMART-585x401.jpg 585w\" sizes=\"(max-width: 800px) 100vw, 800px\" \/><\/a>Visita el producto en nuestra tienda: <strong><a href=\"https:\/\/lightingspain.com\/53077-ventilador-de-techo-con-luz-acabado-blanco-con-5-palas-y-motor-dc-cocos-faro.html\">Ventilador de techo blanco ultrasilencioso, Cocos<\/a><\/strong><\/em><\/p>\n<p><a href=\"https:\/\/lightingspain.com\/\"><img loading=\"lazy\" decoding=\"async\" class=\"aligncenter size-medium wp-image-2999\" src=\"https:\/\/lightingspain.com\/blog\/wp-content\/uploads\/2019\/07\/LightingSpain-2-300x73.jpg\" alt=\"\" width=\"300\" height=\"73\" srcset=\"https:\/\/lightingspain.com\/blog\/wp-content\/uploads\/2019\/07\/LightingSpain-2-300x73.jpg 300w, https:\/\/lightingspain.com\/blog\/wp-content\/uploads\/2019\/07\/LightingSpain-2-768x188.jpg 768w, https:\/\/lightingspain.com\/blog\/wp-content\/uploads\/2019\/07\/LightingSpain-2-585x143.jpg 585w, https:\/\/lightingspain.com\/blog\/wp-content\/uploads\/2019\/07\/LightingSpain-2.jpg 1024w\" sizes=\"(max-width: 300px) 100vw, 300px\" \/><\/a><\/p>\n<div class=\"row\">\n<p>[dp_product id=52654 type=a domain=0 name=\u00bbVentilador de techo moderno con palas de madera, Tube\u00bb description=\u00bbhttps:\/\/lightingspain.com\/52654-ventilador-sin-luz-disponible-en-7-acabados-con-6-velocidades-regulables-oe-45-cm-tube-faro.html\u00bb button=\u00bbVer producto\u00bb with_taxes=1 with_price=1 ][dp_product id=53044 type=a domain=0 name=\u00bbVentilador de techo con 6 velocidades, Cies\u00bb description=\u00bbhttps:\/\/lightingspain.com\/53044-ventilador-de-techo-acabado-blanco-disponible-con-o-sin-luz-led-cies-faro.html\u00bb button=\u00bbVer producto\u00bb with_taxes=1 with_price=1 ][dp_product id=53077 type=a domain=0 name=\u00bbVentilador de techo blanco ultrasilencioso, Cocos\u00bb description=\u00bbhttps:\/\/lightingspain.com\/53077-ventilador-de-techo-con-luz-acabado-blanco-con-5-palas-y-motor-dc-cocos-faro.html\u00bb button=\u00bbVer producto\u00bb with_taxes=1 with_price=1 ]<\/p>\n<\/div>\n","protected":false},"excerpt":{"rendered":"<p>Preparados, listos, comienza la cuenta atr\u00e1s para dar la bienvenida al aumento de las temperaturas. El cambio de horario es se\u00f1al inequ\u00edvoca que se&hellip;<\/p>\n","protected":false},"author":2,"featured_media":4289,"comment_status":"open","ping_status":"closed","sticky":false,"template":"","format":"image","meta":{"footnotes":""},"categories":[14],"tags":[],"class_list":["post-2668","post","type-post","status-publish","format-image","has-post-thumbnail","hentry","category-ideas","post_format-post-format-image"],"yoast_head":"<!-- This site is optimized with the Yoast SEO plugin v23.4 - https:\/\/yoast.com\/wordpress\/plugins\/seo\/ -->\n<title>10 ventiladores de techo silenciosos para este verano | LightingSpain<\/title>\n<meta name=\"description\" content=\"Prep\u00e1rate para el verano con un ventilador de techo. Si buscas uno para una habitaci\u00f3n, sal\u00f3n o \u00e1rea de lectura, un ventilador silencioso es la mejor opci\u00f3n\" \/>\n<meta name=\"robots\" content=\"index, follow, max-snippet:-1, max-image-preview:large, max-video-preview:-1\" \/>\n<link rel=\"canonical\" href=\"https:\/\/lightingspain.com\/blog\/ventiladores-techo-silenciosos-para-verano\/\" \/>\n<meta property=\"og:locale\" content=\"es_ES\" \/>\n<meta property=\"og:type\" content=\"article\" \/>\n<meta property=\"og:title\" content=\"10 ventiladores de techo silenciosos para este verano | LightingSpain\" \/>\n<meta property=\"og:description\" content=\"Prep\u00e1rate para el verano con un ventilador de techo. Si buscas uno para una habitaci\u00f3n, sal\u00f3n o \u00e1rea de lectura, un ventilador silencioso es la mejor opci\u00f3n\" \/>\n<meta property=\"og:url\" content=\"https:\/\/lightingspain.com\/blog\/ventiladores-techo-silenciosos-para-verano\/\" \/>\n<meta property=\"og:site_name\" content=\"Blog lightingspain\" \/>\n<meta property=\"article:published_time\" content=\"2024-06-23T17:35:43+00:00\" \/>\n<meta property=\"article:modified_time\" content=\"2025-03-17T09:03:13+00:00\" \/>\n<meta property=\"og:image\" content=\"https:\/\/lightingspain.com\/blog\/wp-content\/uploads\/2024\/06\/Island-Mantra-Ventilador-de-techo-con-luz-e1742202187957.jpg\" \/>\n\t<meta property=\"og:image:width\" content=\"500\" \/>\n\t<meta property=\"og:image:height\" content=\"340\" \/>\n\t<meta property=\"og:image:type\" content=\"image\/jpeg\" \/>\n<meta name=\"author\" content=\"Lightingspain\" \/>\n<meta name=\"twitter:card\" content=\"summary_large_image\" \/>\n<meta name=\"twitter:label1\" content=\"Escrito por\" \/>\n\t<meta name=\"twitter:data1\" content=\"Lightingspain\" \/>\n\t<meta name=\"twitter:label2\" content=\"Tiempo de lectura\" \/>\n\t<meta name=\"twitter:data2\" content=\"7 minutos\" \/>\n<script type=\"application\/ld+json\" class=\"yoast-schema-graph\">{\"@context\":\"https:\/\/schema.org\",\"@graph\":[{\"@type\":\"WebPage\",\"@id\":\"https:\/\/lightingspain.com\/blog\/ventiladores-techo-silenciosos-para-verano\/\",\"url\":\"https:\/\/lightingspain.com\/blog\/ventiladores-techo-silenciosos-para-verano\/\",\"name\":\"10 ventiladores de techo silenciosos para este verano | LightingSpain\",\"isPartOf\":{\"@id\":\"https:\/\/lightingspain.com\/blog\/#website\"},\"primaryImageOfPage\":{\"@id\":\"https:\/\/lightingspain.com\/blog\/ventiladores-techo-silenciosos-para-verano\/#primaryimage\"},\"image\":{\"@id\":\"https:\/\/lightingspain.com\/blog\/ventiladores-techo-silenciosos-para-verano\/#primaryimage\"},\"thumbnailUrl\":\"https:\/\/lightingspain.com\/blog\/wp-content\/uploads\/2024\/06\/Island-Mantra-Ventilador-de-techo-con-luz-e1742202187957.jpg\",\"datePublished\":\"2024-06-23T17:35:43+00:00\",\"dateModified\":\"2025-03-17T09:03:13+00:00\",\"author\":{\"@id\":\"https:\/\/lightingspain.com\/blog\/#\/schema\/person\/f151c75014f33473ada8d83e3d2c43b7\"},\"description\":\"Prep\u00e1rate para el verano con un ventilador de techo. Si buscas uno para una habitaci\u00f3n, sal\u00f3n o \u00e1rea de lectura, un ventilador silencioso es la mejor opci\u00f3n\",\"breadcrumb\":{\"@id\":\"https:\/\/lightingspain.com\/blog\/ventiladores-techo-silenciosos-para-verano\/#breadcrumb\"},\"inLanguage\":\"es\",\"potentialAction\":[{\"@type\":\"ReadAction\",\"target\":[\"https:\/\/lightingspain.com\/blog\/ventiladores-techo-silenciosos-para-verano\/\"]}]},{\"@type\":\"ImageObject\",\"inLanguage\":\"es\",\"@id\":\"https:\/\/lightingspain.com\/blog\/ventiladores-techo-silenciosos-para-verano\/#primaryimage\",\"url\":\"https:\/\/lightingspain.com\/blog\/wp-content\/uploads\/2024\/06\/Island-Mantra-Ventilador-de-techo-con-luz-e1742202187957.jpg\",\"contentUrl\":\"https:\/\/lightingspain.com\/blog\/wp-content\/uploads\/2024\/06\/Island-Mantra-Ventilador-de-techo-con-luz-e1742202187957.jpg\",\"width\":500,\"height\":340,\"caption\":\"Island Mantra Ventilador de techo con luz\"},{\"@type\":\"BreadcrumbList\",\"@id\":\"https:\/\/lightingspain.com\/blog\/ventiladores-techo-silenciosos-para-verano\/#breadcrumb\",\"itemListElement\":[{\"@type\":\"ListItem\",\"position\":1,\"name\":\"Portada\",\"item\":\"https:\/\/lightingspain.com\/blog\/\"},{\"@type\":\"ListItem\",\"position\":2,\"name\":\"6 ventiladores de techo silenciosos para este verano\"}]},{\"@type\":\"WebSite\",\"@id\":\"https:\/\/lightingspain.com\/blog\/#website\",\"url\":\"https:\/\/lightingspain.com\/blog\/\",\"name\":\"Blog lightingspain\",\"description\":\"Otro sitio realizado con WordPress\",\"potentialAction\":[{\"@type\":\"SearchAction\",\"target\":{\"@type\":\"EntryPoint\",\"urlTemplate\":\"https:\/\/lightingspain.com\/blog\/?s={search_term_string}\"},\"query-input\":{\"@type\":\"PropertyValueSpecification\",\"valueRequired\":true,\"valueName\":\"search_term_string\"}}],\"inLanguage\":\"es\"},{\"@type\":\"Person\",\"@id\":\"https:\/\/lightingspain.com\/blog\/#\/schema\/person\/f151c75014f33473ada8d83e3d2c43b7\",\"name\":\"Lightingspain\",\"image\":{\"@type\":\"ImageObject\",\"inLanguage\":\"es\",\"@id\":\"https:\/\/lightingspain.com\/blog\/#\/schema\/person\/image\/\",\"url\":\"https:\/\/secure.gravatar.com\/avatar\/?s=96&d=mm&r=g\",\"contentUrl\":\"https:\/\/secure.gravatar.com\/avatar\/?s=96&d=mm&r=g\",\"caption\":\"Lightingspain\"},\"url\":\"https:\/\/lightingspain.com\/blog\/author\/lightingspain\/\"}]}<\/script>\n<!-- \/ Yoast SEO plugin. -->","yoast_head_json":{"title":"10 ventiladores de techo silenciosos para este verano | LightingSpain","description":"Prep\u00e1rate para el verano con un ventilador de techo. Si buscas uno para una habitaci\u00f3n, sal\u00f3n o \u00e1rea de lectura, un ventilador silencioso es la mejor opci\u00f3n","robots":{"index":"index","follow":"follow","max-snippet":"max-snippet:-1","max-image-preview":"max-image-preview:large","max-video-preview":"max-video-preview:-1"},"canonical":"https:\/\/lightingspain.com\/blog\/ventiladores-techo-silenciosos-para-verano\/","og_locale":"es_ES","og_type":"article","og_title":"10 ventiladores de techo silenciosos para este verano | LightingSpain","og_description":"Prep\u00e1rate para el verano con un ventilador de techo. Si buscas uno para una habitaci\u00f3n, sal\u00f3n o \u00e1rea de lectura, un ventilador silencioso es la mejor opci\u00f3n","og_url":"https:\/\/lightingspain.com\/blog\/ventiladores-techo-silenciosos-para-verano\/","og_site_name":"Blog lightingspain","article_published_time":"2024-06-23T17:35:43+00:00","article_modified_time":"2025-03-17T09:03:13+00:00","og_image":[{"width":500,"height":340,"url":"https:\/\/lightingspain.com\/blog\/wp-content\/uploads\/2024\/06\/Island-Mantra-Ventilador-de-techo-con-luz-e1742202187957.jpg","type":"image\/jpeg"}],"author":"Lightingspain","twitter_card":"summary_large_image","twitter_misc":{"Escrito por":"Lightingspain","Tiempo de lectura":"7 minutos"},"schema":{"@context":"https:\/\/schema.org","@graph":[{"@type":"WebPage","@id":"https:\/\/lightingspain.com\/blog\/ventiladores-techo-silenciosos-para-verano\/","url":"https:\/\/lightingspain.com\/blog\/ventiladores-techo-silenciosos-para-verano\/","name":"10 ventiladores de techo silenciosos para este verano | LightingSpain","isPartOf":{"@id":"https:\/\/lightingspain.com\/blog\/#website"},"primaryImageOfPage":{"@id":"https:\/\/lightingspain.com\/blog\/ventiladores-techo-silenciosos-para-verano\/#primaryimage"},"image":{"@id":"https:\/\/lightingspain.com\/blog\/ventiladores-techo-silenciosos-para-verano\/#primaryimage"},"thumbnailUrl":"https:\/\/lightingspain.com\/blog\/wp-content\/uploads\/2024\/06\/Island-Mantra-Ventilador-de-techo-con-luz-e1742202187957.jpg","datePublished":"2024-06-23T17:35:43+00:00","dateModified":"2025-03-17T09:03:13+00:00","author":{"@id":"https:\/\/lightingspain.com\/blog\/#\/schema\/person\/f151c75014f33473ada8d83e3d2c43b7"},"description":"Prep\u00e1rate para el verano con un ventilador de techo. Si buscas uno para una habitaci\u00f3n, sal\u00f3n o \u00e1rea de lectura, un ventilador silencioso es la mejor opci\u00f3n","breadcrumb":{"@id":"https:\/\/lightingspain.com\/blog\/ventiladores-techo-silenciosos-para-verano\/#breadcrumb"},"inLanguage":"es","potentialAction":[{"@type":"ReadAction","target":["https:\/\/lightingspain.com\/blog\/ventiladores-techo-silenciosos-para-verano\/"]}]},{"@type":"ImageObject","inLanguage":"es","@id":"https:\/\/lightingspain.com\/blog\/ventiladores-techo-silenciosos-para-verano\/#primaryimage","url":"https:\/\/lightingspain.com\/blog\/wp-content\/uploads\/2024\/06\/Island-Mantra-Ventilador-de-techo-con-luz-e1742202187957.jpg","contentUrl":"https:\/\/lightingspain.com\/blog\/wp-content\/uploads\/2024\/06\/Island-Mantra-Ventilador-de-techo-con-luz-e1742202187957.jpg","width":500,"height":340,"caption":"Island Mantra Ventilador de techo con luz"},{"@type":"BreadcrumbList","@id":"https:\/\/lightingspain.com\/blog\/ventiladores-techo-silenciosos-para-verano\/#breadcrumb","itemListElement":[{"@type":"ListItem","position":1,"name":"Portada","item":"https:\/\/lightingspain.com\/blog\/"},{"@type":"ListItem","position":2,"name":"6 ventiladores de techo silenciosos para este verano"}]},{"@type":"WebSite","@id":"https:\/\/lightingspain.com\/blog\/#website","url":"https:\/\/lightingspain.com\/blog\/","name":"Blog lightingspain","description":"Otro sitio realizado con WordPress","potentialAction":[{"@type":"SearchAction","target":{"@type":"EntryPoint","urlTemplate":"https:\/\/lightingspain.com\/blog\/?s={search_term_string}"},"query-input":{"@type":"PropertyValueSpecification","valueRequired":true,"valueName":"search_term_string"}}],"inLanguage":"es"},{"@type":"Person","@id":"https:\/\/lightingspain.com\/blog\/#\/schema\/person\/f151c75014f33473ada8d83e3d2c43b7","name":"Lightingspain","image":{"@type":"ImageObject","inLanguage":"es","@id":"https:\/\/lightingspain.com\/blog\/#\/schema\/person\/image\/","url":"https:\/\/secure.gravatar.com\/avatar\/?s=96&d=mm&r=g","contentUrl":"https:\/\/secure.gravatar.com\/avatar\/?s=96&d=mm&r=g","caption":"Lightingspain"},"url":"https:\/\/lightingspain.com\/blog\/author\/lightingspain\/"}]}},"_links":{"self":[{"href":"https:\/\/lightingspain.com\/blog\/wp-json\/wp\/v2\/posts\/2668"}],"collection":[{"href":"https:\/\/lightingspain.com\/blog\/wp-json\/wp\/v2\/posts"}],"about":[{"href":"https:\/\/lightingspain.com\/blog\/wp-json\/wp\/v2\/types\/post"}],"author":[{"embeddable":true,"href":"https:\/\/lightingspain.com\/blog\/wp-json\/wp\/v2\/users\/2"}],"replies":[{"embeddable":true,"href":"https:\/\/lightingspain.com\/blog\/wp-json\/wp\/v2\/comments?post=2668"}],"version-history":[{"count":28,"href":"https:\/\/lightingspain.com\/blog\/wp-json\/wp\/v2\/posts\/2668\/revisions"}],"predecessor-version":[{"id":4456,"href":"https:\/\/lightingspain.com\/blog\/wp-json\/wp\/v2\/posts\/2668\/revisions\/4456"}],"wp:featuredmedia":[{"embeddable":true,"href":"https:\/\/lightingspain.com\/blog\/wp-json\/wp\/v2\/media\/4289"}],"wp:attachment":[{"href":"https:\/\/lightingspain.com\/blog\/wp-json\/wp\/v2\/media?parent=2668"}],"wp:term":[{"taxonomy":"category","embeddable":true,"href":"https:\/\/lightingspain.com\/blog\/wp-json\/wp\/v2\/categories?post=2668"},{"taxonomy":"post_tag","embeddable":true,"href":"https:\/\/lightingspain.com\/blog\/wp-json\/wp\/v2\/tags?post=2668"}],"curies":[{"name":"wp","href":"https:\/\/api.w.org\/{rel}","templated":true}]}}