{"id":2584,"date":"2025-02-11T13:41:07","date_gmt":"2025-02-11T13:41:07","guid":{"rendered":"http:\/\/lightingspain.com\/wp\/?p=2584"},"modified":"2025-03-20T08:59:35","modified_gmt":"2025-03-20T08:59:35","slug":"como-programar-encendido-apagado-luces-casa","status":"publish","type":"post","link":"https:\/\/lightingspain.com\/blog\/como-programar-encendido-apagado-luces-casa\/","title":{"rendered":"\u00bfC\u00f3mo programar el encendido y apagado de las luces de casa?"},"content":{"rendered":"<p>Quien tiene un Smart home, tiene un tesoro<strong>. Las casas inteligentes se han convertido en uno de los conceptos m\u00e1s trending de la actualidad.<\/strong> Aunque es cierto que son mecanismos modernos, cada vez son m\u00e1s las familias que deciden instalar en sus viviendas este tipo de sistemas de iluminaci\u00f3n inteligente, permitiendo as\u00ed programar todo tipo de aparatos electr\u00f3nicos dentro de la vivienda.<\/p>\n<p><!--more--><\/p>\n<p>Facilitar la vida diaria. <strong>Bajo esta premisa, <a href=\"https:\/\/lightingspain.com\/blog\/internet-de-las-cosas-iluminacion\/\">el internet de las cosas en iluminaci\u00f3n<\/a> nos ayuda a tener cualquier tipo de iluminaci\u00f3n conectada desde nuestro Smartphone<\/strong> directamente a nuestro hogar.<\/p>\n<p><a href=\"https:\/\/lightingspain.com\/\"><img loading=\"lazy\" decoding=\"async\" class=\"aligncenter size-full wp-image-3314\" src=\"https:\/\/lightingspain.com\/blog\/wp-content\/uploads\/2021\/09\/Te-regalamos-10-\u20ac-en-tu-primer-pedido-1.png\" alt=\"Oferta especial lamparas cupon descuento\" width=\"2000\" height=\"1000\" srcset=\"https:\/\/lightingspain.com\/blog\/wp-content\/uploads\/2021\/09\/Te-regalamos-10-\u20ac-en-tu-primer-pedido-1.png 2000w, https:\/\/lightingspain.com\/blog\/wp-content\/uploads\/2021\/09\/Te-regalamos-10-\u20ac-en-tu-primer-pedido-1-300x150.png 300w, https:\/\/lightingspain.com\/blog\/wp-content\/uploads\/2021\/09\/Te-regalamos-10-\u20ac-en-tu-primer-pedido-1-1024x512.png 1024w, https:\/\/lightingspain.com\/blog\/wp-content\/uploads\/2021\/09\/Te-regalamos-10-\u20ac-en-tu-primer-pedido-1-768x384.png 768w, https:\/\/lightingspain.com\/blog\/wp-content\/uploads\/2021\/09\/Te-regalamos-10-\u20ac-en-tu-primer-pedido-1-1536x768.png 1536w, https:\/\/lightingspain.com\/blog\/wp-content\/uploads\/2021\/09\/Te-regalamos-10-\u20ac-en-tu-primer-pedido-1-1920x960.png 1920w, https:\/\/lightingspain.com\/blog\/wp-content\/uploads\/2021\/09\/Te-regalamos-10-\u20ac-en-tu-primer-pedido-1-1170x585.png 1170w, https:\/\/lightingspain.com\/blog\/wp-content\/uploads\/2021\/09\/Te-regalamos-10-\u20ac-en-tu-primer-pedido-1-585x293.png 585w\" sizes=\"(max-width: 2000px) 100vw, 2000px\" \/><\/a><\/p>\n<p>M\u00e1s confortable y totalmente eficiente. En LightingSpain somos conscientes de la importancia de la calidad de luz y la variedad de dispositivos existentes, por ello hoy os damos las <strong>pautas para que aprend\u00e1is a como programar encendido y apagado de luces en un solo clic y lo mejor, desde fuera del hogar<\/strong>.<\/p>\n<p><a href=\"https:\/\/lightingspain.com\/23238-lampara-de-techo-de-madera-natural-en-3-colores-regulable-bluethooth-new-wave-lzf.html\"><img loading=\"lazy\" decoding=\"async\" class=\"alignnone wp-image-2601 size-full\" src=\"https:\/\/lightingspain.com\/wp\/wp-content\/uploads\/2020\/03\/new-wave-lampara-de-madera-natural-regulable-bluetooth-lzf-lamps.jpg\" alt=\"\" width=\"788\" height=\"660\" \/><\/a><em>Visita el producto en nuestra tienda: <a href=\"https:\/\/lightingspain.com\/23238-lampara-de-techo-de-madera-natural-en-3-colores-regulable-bluethooth-new-wave-lzf.html\"><strong>Colgante de techo de madera natural, New Wave<\/strong><\/a><\/em><\/p>\n<h2>R\u00e1pido y seguro: programar encendido luces casa<\/h2>\n<p>A trav\u00e9s de cualquier aparato que tenga conexi\u00f3n o acceso a la red. La forma m\u00e1s sencilla d<strong>e controlar las luces es mediante dispositivos m\u00f3viles, asistentes de voz, interruptores inteligentes y hasta ordenadores personales.<\/strong> \u00bfQuieres conocer c\u00f3mo?<\/p>\n<p><a href=\"https:\/\/lightingspain.com\/177659-lampara-portatil-venice-novolux-dopo-luz-rgb-led-smart-8433264160708.html\"><img loading=\"lazy\" decoding=\"async\" class=\"size-full wp-image-3838 alignleft\" src=\"https:\/\/lightingspain.com\/blog\/wp-content\/uploads\/2020\/03\/venice-lampara-smart-posibilidad-de-cambiar-color-led-lampara-inteligente-portatil.jpg\" alt=\"\" width=\"708\" height=\"534\" srcset=\"https:\/\/lightingspain.com\/blog\/wp-content\/uploads\/2020\/03\/venice-lampara-smart-posibilidad-de-cambiar-color-led-lampara-inteligente-portatil.jpg 708w, https:\/\/lightingspain.com\/blog\/wp-content\/uploads\/2020\/03\/venice-lampara-smart-posibilidad-de-cambiar-color-led-lampara-inteligente-portatil-300x226.jpg 300w, https:\/\/lightingspain.com\/blog\/wp-content\/uploads\/2020\/03\/venice-lampara-smart-posibilidad-de-cambiar-color-led-lampara-inteligente-portatil-585x441.jpg 585w\" sizes=\"(max-width: 708px) 100vw, 708px\" \/><\/a><\/p>\n<p>&nbsp;<\/p>\n<p>&nbsp;<\/p>\n<p>&nbsp;<\/p>\n<p>&nbsp;<\/p>\n<p>&nbsp;<\/p>\n<p>&nbsp;<\/p>\n<p>&nbsp;<\/p>\n<p>&nbsp;<\/p>\n<p>&nbsp;<\/p>\n<p>&nbsp;<\/p>\n<p>&nbsp;<\/p>\n<p>&nbsp;<\/p>\n<p>&nbsp;<\/p>\n<p><em>Visita el producto en nuestra tienda: <a href=\"https:\/\/lightingspain.com\/177659-lampara-portatil-venice-novolux-dopo-luz-rgb-led-smart-8433264160708.html\"><strong>L\u00e1mpara inteligente con control m\u00f3vil, Venice<\/strong><\/a><\/em><\/p>\n<div class=\"row\">\n<p>[dp_product id=172413 type=a domain=0 name=\u00bbPlaf\u00f3n de techo smart, Koe\u00bb description=\u00bbhttps:\/\/lightingspain.com\/172413-13268-plafon-de-techo-koe.html#\/35-color-blanco\/1096-medidas-o_60_cm\/1474-material-metal\u00bb button=\u00bbVer producto\u00bb with_taxes=1 with_price=1 ][dp_product id=23238 type=a domain=0 name=\u00bbColgante de techo bluetooth, New Wave\u00bb description=\u00bbhttps:\/\/lightingspain.com\/23238-lampara-de-techo-de-madera-natural-en-3-colores-regulable-bluethooth-new-wave-lzf.html\u00bb button=\u00bbVer producto\u00bb with_taxes=1 with_price=1 ][dp_product id=175776 type=a domain=0 name=\u00bbL\u00e1mpara inteligente, Venice\u00bb description=\u00bbhttps:\/\/lightingspain.com\/177659-lampara-portatil-venice-novolux-dopo-luz-rgb-led-smart-8433264160708.html\u00bb button=\u00bbVer producto\u00bb with_taxes=1 with_price=1 ][dp_product id=179307 type=a domain=0 name=\u00bbEmpotrable de techo regulable, Lex\u00bb description=\u00bbhttps:\/\/lightingspain.com\/179307-687175-lex-arkoslight.html#\/44-color-plateado\/1824-regulacion-regulable_dali\/2183-potencia-17w\/3099-fuente_de_luz-4000k_luz_neutra_fria\/3112-optica-71&#8243; button=\u00bbVer producto\u00bb with_taxes=1 with_price=1 ]<\/p>\n<div><\/div>\n<\/div>\n<h3>Programador bombilla: Sensores e interruptores inteligentes<\/h3>\n<p>Encender, apagar o cambiar el tipo de intensidad de la luz. <strong>Los interruptores inteligentes son uno de los mejores dispositivos para programar<\/strong> el encendido y apagado de cualquier sistema de iluminaci\u00f3n en el hogar.<\/p>\n<p>O bien a trav\u00e9s de un mando a distancia o mediante sensores de movimiento, esta opci\u00f3n es la m\u00e1s adecuada para aquellas personas que necesiten tener todo controlado en un solo clic.<\/p>\n<p><a href=\"https:\/\/lightingspain.com\/108755-aplique-de-techo-led-de-acrilico-con-acabado-blanco-y-sensor-de-movimiento-ip-54-3000-6500k-madison-acb-iluminacion.html\"><img loading=\"lazy\" decoding=\"async\" class=\"aligncenter size-full wp-image-4441\" src=\"https:\/\/lightingspain.com\/blog\/wp-content\/uploads\/2020\/03\/Plafon-de-techo-Madison.jpg\" alt=\"\" width=\"800\" height=\"946\" srcset=\"https:\/\/lightingspain.com\/blog\/wp-content\/uploads\/2020\/03\/Plafon-de-techo-Madison.jpg 800w, https:\/\/lightingspain.com\/blog\/wp-content\/uploads\/2020\/03\/Plafon-de-techo-Madison-254x300.jpg 254w, https:\/\/lightingspain.com\/blog\/wp-content\/uploads\/2020\/03\/Plafon-de-techo-Madison-768x908.jpg 768w, https:\/\/lightingspain.com\/blog\/wp-content\/uploads\/2020\/03\/Plafon-de-techo-Madison-585x692.jpg 585w\" sizes=\"(max-width: 800px) 100vw, 800px\" \/><\/a><\/p>\n<p><em>Visita el producto en nuestra tienda: <a href=\"https:\/\/lightingspain.com\/108755-aplique-de-techo-led-de-acrilico-con-acabado-blanco-y-sensor-de-movimiento-ip-54-3000-6500k-madison-acb-iluminacion.html\"><strong>Plaf\u00f3n de techo con sensor de movimiento, Madison<\/strong><\/a><strong>\u00a0<\/strong><\/em><\/p>\n<h3>Da luz a trav\u00e9s de tu voz<\/h3>\n<p>Ya os cont\u00e1bamos en nuestro <a href=\"https:\/\/lightingspain.com\/blog\/iluminacion-verano\/\">especial tendencias de iluminaci\u00f3n verano<\/a> que <strong>los asistentes de voz hab\u00edan llegado a nuestra vida<\/strong> para quedarse.<\/p>\n<p>Capaz de mantener por completo una conversaci\u00f3n con nosotros, sigue a rajatabla cualquiera de nuestras \u00f3rdenes, incluida la programaci\u00f3n de las luces de las estancias del hogar. Alexa, Siri o Google Home son solo algunos de estos asistentes que se convertir\u00e1n en uno de nuestras mejores amigas.<\/p>\n<h3><a href=\"https:\/\/lightingspain.com\/177539-plafon-ventilador-de-techo-con-luz-blanco-ratan-y-motor-dc-kilimanjaro-mantra.html\"><img loading=\"lazy\" decoding=\"async\" class=\"aligncenter size-full wp-image-3843\" src=\"https:\/\/lightingspain.com\/blog\/wp-content\/uploads\/2020\/03\/plafon-ventilador-inteligente-smart-alexa-regulable-led.jpg\" alt=\"\" width=\"800\" height=\"594\" srcset=\"https:\/\/lightingspain.com\/blog\/wp-content\/uploads\/2020\/03\/plafon-ventilador-inteligente-smart-alexa-regulable-led.jpg 800w, https:\/\/lightingspain.com\/blog\/wp-content\/uploads\/2020\/03\/plafon-ventilador-inteligente-smart-alexa-regulable-led-300x223.jpg 300w, https:\/\/lightingspain.com\/blog\/wp-content\/uploads\/2020\/03\/plafon-ventilador-inteligente-smart-alexa-regulable-led-768x570.jpg 768w, https:\/\/lightingspain.com\/blog\/wp-content\/uploads\/2020\/03\/plafon-ventilador-inteligente-smart-alexa-regulable-led-585x434.jpg 585w\" sizes=\"(max-width: 800px) 100vw, 800px\" \/><\/a><\/h3>\n<p><em>Visita el producto en nuestra tienda:<strong><a href=\"https:\/\/lightingspain.com\/177539-plafon-ventilador-de-techo-con-luz-blanco-ratan-y-motor-dc-kilimanjaro-mantra-8435153278112.html\"> Plaf\u00f3n ventilador, Kilimanjaro<\/a><\/strong><\/em><\/p>\n<h3>Gracias a una App desde tu Smartphone<\/h3>\n<p>Para iOS y Android, \u00a1T\u00fa decides! Configurar el tipo de iluminaci\u00f3n, encender la calefacci\u00f3n o simplemente para darnos la bienvenida cuando lleguemos al hogar.<\/p>\n<p><strong>Desde el tel\u00e9fono m\u00f3vil, ordenadores, Tablet o incluso desde nuestra propia mu\u00f1eca se puede programar<\/strong>, hoy en d\u00eda, cualquier acci\u00f3n en la vivienda. Solo necesitar\u00e1s descargar la aplicaci\u00f3n que m\u00e1s te interese, configurar paso a paso cada uno de los electrodom\u00e9sticos y sistemas de iluminaci\u00f3n y voil\u00e0! A disfrutar de las luces de tu casa sin tener que estar dentro de ella.<\/p>\n<p><a href=\"https:\/\/lightingspain.com\/172295-12975-plafon-de-techo-zero-smart.html#\/35-color-blanco\/967-medidas-o_33_cm\/1478-material-materiales_plasticos\"><img loading=\"lazy\" decoding=\"async\" class=\"aligncenter size-full wp-image-3840\" src=\"https:\/\/lightingspain.com\/blog\/wp-content\/uploads\/2020\/03\/plafon-de-techo-con-control-movil-lampara-inteligente-blanca-smart.jpg\" alt=\"Plaf\u00f3n de techo con control m\u00f3vil l\u00e1mpara Zero Smart inteligente\" width=\"800\" height=\"585\" srcset=\"https:\/\/lightingspain.com\/blog\/wp-content\/uploads\/2020\/03\/plafon-de-techo-con-control-movil-lampara-inteligente-blanca-smart.jpg 800w, https:\/\/lightingspain.com\/blog\/wp-content\/uploads\/2020\/03\/plafon-de-techo-con-control-movil-lampara-inteligente-blanca-smart-300x219.jpg 300w, https:\/\/lightingspain.com\/blog\/wp-content\/uploads\/2020\/03\/plafon-de-techo-con-control-movil-lampara-inteligente-blanca-smart-768x562.jpg 768w, https:\/\/lightingspain.com\/blog\/wp-content\/uploads\/2020\/03\/plafon-de-techo-con-control-movil-lampara-inteligente-blanca-smart-585x428.jpg 585w\" sizes=\"(max-width: 800px) 100vw, 800px\" \/><\/a><\/p>\n<p><em>Visita el producto en nuestra tienda: <a href=\"https:\/\/lightingspain.com\/172295-12975-plafon-de-techo-zero-smart.html#\/35-color-blanco\/967-medidas-o_33_cm\/1478-material-materiales_plasticos\"><strong>Plaf\u00f3n de techo con control m\u00f3vil, Zero Smart<\/strong><\/a><\/em><\/p>\n<div class=\"row\">\n<p>[dp_product id=173468 type=a domain=0 name=\u00bbPlaf\u00f3n de techo smart, Madison\u00bb description=\u00bbhttps:\/\/lightingspain.com\/173468-plafon-de-techo-madison.html\u00bb button=\u00bbVer producto\u00bb with_taxes=1 with_price=1 ][dp_product id=172295 type=a domain=0 name=\u00bbPlaf\u00f3n inteligente, Zero\u00bb description=\u00bbhttps:\/\/lightingspain.com\/172295-12975-plafon-de-techo-zero-smart.html#\/35-color-blanco\/967-medidas-o_33_cm\/1478-material-materiales_plasticos\u00bb button=\u00bbVer producto\u00bb with_taxes=1 with_price=1 ][dp_product id=177539 type=a domain=0 name=\u00bbVentilador-plaf\u00f3n, Kilimanjaro\u00bb description=\u00bbhttps:\/\/lightingspain.com\/177539-plafon-ventilador-de-techo-con-luz-blanco-ratan-y-motor-dc-kilimanjaro-mantra.html\u00bb button=\u00bbVer producto\u00bb with_taxes=1 with_price=1 ][dp_product id=177659 type=a domain=0 name=\u00bbL\u00e1mpara port\u00e1til, Venice\u00bb description=\u00bbhttps:\/\/lightingspain.com\/177659-lampara-portatil-venice-novolux-dopo-luz-rgb-led-smart-8433264160708.html\u00bb button=\u00bbVer producto\u00bb with_taxes=1 with_price=1 ]<\/p>\n<div><\/div>\n<\/div>\n<p><a href=\"https:\/\/lightingspain.com\/\"><img loading=\"lazy\" decoding=\"async\" class=\"wp-image-2999 size-medium aligncenter\" src=\"https:\/\/lightingspain.com\/blog\/wp-content\/uploads\/2019\/07\/LightingSpain-2-300x73.jpg\" alt=\"\" width=\"300\" height=\"73\" srcset=\"https:\/\/lightingspain.com\/blog\/wp-content\/uploads\/2019\/07\/LightingSpain-2-300x73.jpg 300w, https:\/\/lightingspain.com\/blog\/wp-content\/uploads\/2019\/07\/LightingSpain-2-768x188.jpg 768w, https:\/\/lightingspain.com\/blog\/wp-content\/uploads\/2019\/07\/LightingSpain-2-585x143.jpg 585w, https:\/\/lightingspain.com\/blog\/wp-content\/uploads\/2019\/07\/LightingSpain-2.jpg 1024w\" sizes=\"(max-width: 300px) 100vw, 300px\" \/><\/a><\/p>\n","protected":false},"excerpt":{"rendered":"<p>Quien tiene un Smart home, tiene un tesoro. Las casas inteligentes se han convertido en uno de los conceptos m\u00e1s trending de la actualidad.&hellip;<\/p>\n","protected":false},"author":2,"featured_media":4436,"comment_status":"open","ping_status":"closed","sticky":false,"template":"","format":"image","meta":{"footnotes":""},"categories":[3],"tags":[],"class_list":["post-2584","post","type-post","status-publish","format-image","has-post-thumbnail","hentry","category-consejos-de-iluminacion","post_format-post-format-image"],"yoast_head":"<!-- This site is optimized with the Yoast SEO plugin v23.4 - https:\/\/yoast.com\/wordpress\/plugins\/seo\/ -->\n<title>Programar el encendido y apagado de luces de casa | LightingSpain<\/title>\n<meta name=\"description\" content=\"No solo para tus vacaciones. Programar las luces de casa es una buena pr\u00e1ctica si pasas la noche fuera. Aqu\u00ed te ense\u00f1amos c\u00f3mo encender y apagar f\u00e1cilmente\" \/>\n<meta name=\"robots\" content=\"index, follow, max-snippet:-1, max-image-preview:large, max-video-preview:-1\" \/>\n<link rel=\"canonical\" href=\"https:\/\/lightingspain.com\/blog\/como-programar-encendido-apagado-luces-casa\/\" \/>\n<meta property=\"og:locale\" content=\"es_ES\" \/>\n<meta property=\"og:type\" content=\"article\" \/>\n<meta property=\"og:title\" content=\"Programar el encendido y apagado de luces de casa | LightingSpain\" \/>\n<meta property=\"og:description\" content=\"No solo para tus vacaciones. Programar las luces de casa es una buena pr\u00e1ctica si pasas la noche fuera. Aqu\u00ed te ense\u00f1amos c\u00f3mo encender y apagar f\u00e1cilmente\" \/>\n<meta property=\"og:url\" content=\"https:\/\/lightingspain.com\/blog\/como-programar-encendido-apagado-luces-casa\/\" \/>\n<meta property=\"og:site_name\" content=\"Blog lightingspain\" \/>\n<meta property=\"article:published_time\" content=\"2025-02-11T13:41:07+00:00\" \/>\n<meta property=\"article:modified_time\" content=\"2025-03-20T08:59:35+00:00\" \/>\n<meta property=\"og:image\" content=\"https:\/\/lightingspain.com\/blog\/wp-content\/uploads\/2020\/03\/poirtada-art-e1742461169625.jpg\" \/>\n\t<meta property=\"og:image:width\" content=\"500\" \/>\n\t<meta property=\"og:image:height\" content=\"340\" \/>\n\t<meta property=\"og:image:type\" content=\"image\/jpeg\" \/>\n<meta name=\"author\" content=\"Lightingspain\" \/>\n<meta name=\"twitter:card\" content=\"summary_large_image\" \/>\n<meta name=\"twitter:label1\" content=\"Escrito por\" \/>\n\t<meta name=\"twitter:data1\" content=\"Lightingspain\" \/>\n\t<meta name=\"twitter:label2\" content=\"Tiempo de lectura\" \/>\n\t<meta name=\"twitter:data2\" content=\"5 minutos\" \/>\n<script type=\"application\/ld+json\" class=\"yoast-schema-graph\">{\"@context\":\"https:\/\/schema.org\",\"@graph\":[{\"@type\":\"WebPage\",\"@id\":\"https:\/\/lightingspain.com\/blog\/como-programar-encendido-apagado-luces-casa\/\",\"url\":\"https:\/\/lightingspain.com\/blog\/como-programar-encendido-apagado-luces-casa\/\",\"name\":\"Programar el encendido y apagado de luces de casa | LightingSpain\",\"isPartOf\":{\"@id\":\"https:\/\/lightingspain.com\/blog\/#website\"},\"primaryImageOfPage\":{\"@id\":\"https:\/\/lightingspain.com\/blog\/como-programar-encendido-apagado-luces-casa\/#primaryimage\"},\"image\":{\"@id\":\"https:\/\/lightingspain.com\/blog\/como-programar-encendido-apagado-luces-casa\/#primaryimage\"},\"thumbnailUrl\":\"https:\/\/lightingspain.com\/blog\/wp-content\/uploads\/2020\/03\/poirtada-art-e1742461169625.jpg\",\"datePublished\":\"2025-02-11T13:41:07+00:00\",\"dateModified\":\"2025-03-20T08:59:35+00:00\",\"author\":{\"@id\":\"https:\/\/lightingspain.com\/blog\/#\/schema\/person\/f151c75014f33473ada8d83e3d2c43b7\"},\"description\":\"No solo para tus vacaciones. Programar las luces de casa es una buena pr\u00e1ctica si pasas la noche fuera. Aqu\u00ed te ense\u00f1amos c\u00f3mo encender y apagar f\u00e1cilmente\",\"breadcrumb\":{\"@id\":\"https:\/\/lightingspain.com\/blog\/como-programar-encendido-apagado-luces-casa\/#breadcrumb\"},\"inLanguage\":\"es\",\"potentialAction\":[{\"@type\":\"ReadAction\",\"target\":[\"https:\/\/lightingspain.com\/blog\/como-programar-encendido-apagado-luces-casa\/\"]}]},{\"@type\":\"ImageObject\",\"inLanguage\":\"es\",\"@id\":\"https:\/\/lightingspain.com\/blog\/como-programar-encendido-apagado-luces-casa\/#primaryimage\",\"url\":\"https:\/\/lightingspain.com\/blog\/wp-content\/uploads\/2020\/03\/poirtada-art-e1742461169625.jpg\",\"contentUrl\":\"https:\/\/lightingspain.com\/blog\/wp-content\/uploads\/2020\/03\/poirtada-art-e1742461169625.jpg\",\"width\":500,\"height\":340},{\"@type\":\"BreadcrumbList\",\"@id\":\"https:\/\/lightingspain.com\/blog\/como-programar-encendido-apagado-luces-casa\/#breadcrumb\",\"itemListElement\":[{\"@type\":\"ListItem\",\"position\":1,\"name\":\"Portada\",\"item\":\"https:\/\/lightingspain.com\/blog\/\"},{\"@type\":\"ListItem\",\"position\":2,\"name\":\"\u00bfC\u00f3mo programar el encendido y apagado de las luces de casa?\"}]},{\"@type\":\"WebSite\",\"@id\":\"https:\/\/lightingspain.com\/blog\/#website\",\"url\":\"https:\/\/lightingspain.com\/blog\/\",\"name\":\"Blog lightingspain\",\"description\":\"Otro sitio realizado con WordPress\",\"potentialAction\":[{\"@type\":\"SearchAction\",\"target\":{\"@type\":\"EntryPoint\",\"urlTemplate\":\"https:\/\/lightingspain.com\/blog\/?s={search_term_string}\"},\"query-input\":{\"@type\":\"PropertyValueSpecification\",\"valueRequired\":true,\"valueName\":\"search_term_string\"}}],\"inLanguage\":\"es\"},{\"@type\":\"Person\",\"@id\":\"https:\/\/lightingspain.com\/blog\/#\/schema\/person\/f151c75014f33473ada8d83e3d2c43b7\",\"name\":\"Lightingspain\",\"image\":{\"@type\":\"ImageObject\",\"inLanguage\":\"es\",\"@id\":\"https:\/\/lightingspain.com\/blog\/#\/schema\/person\/image\/\",\"url\":\"https:\/\/secure.gravatar.com\/avatar\/?s=96&d=mm&r=g\",\"contentUrl\":\"https:\/\/secure.gravatar.com\/avatar\/?s=96&d=mm&r=g\",\"caption\":\"Lightingspain\"},\"url\":\"https:\/\/lightingspain.com\/blog\/author\/lightingspain\/\"}]}<\/script>\n<!-- \/ Yoast SEO plugin. -->","yoast_head_json":{"title":"Programar el encendido y apagado de luces de casa | LightingSpain","description":"No solo para tus vacaciones. Programar las luces de casa es una buena pr\u00e1ctica si pasas la noche fuera. Aqu\u00ed te ense\u00f1amos c\u00f3mo encender y apagar f\u00e1cilmente","robots":{"index":"index","follow":"follow","max-snippet":"max-snippet:-1","max-image-preview":"max-image-preview:large","max-video-preview":"max-video-preview:-1"},"canonical":"https:\/\/lightingspain.com\/blog\/como-programar-encendido-apagado-luces-casa\/","og_locale":"es_ES","og_type":"article","og_title":"Programar el encendido y apagado de luces de casa | LightingSpain","og_description":"No solo para tus vacaciones. Programar las luces de casa es una buena pr\u00e1ctica si pasas la noche fuera. Aqu\u00ed te ense\u00f1amos c\u00f3mo encender y apagar f\u00e1cilmente","og_url":"https:\/\/lightingspain.com\/blog\/como-programar-encendido-apagado-luces-casa\/","og_site_name":"Blog lightingspain","article_published_time":"2025-02-11T13:41:07+00:00","article_modified_time":"2025-03-20T08:59:35+00:00","og_image":[{"width":500,"height":340,"url":"https:\/\/lightingspain.com\/blog\/wp-content\/uploads\/2020\/03\/poirtada-art-e1742461169625.jpg","type":"image\/jpeg"}],"author":"Lightingspain","twitter_card":"summary_large_image","twitter_misc":{"Escrito por":"Lightingspain","Tiempo de lectura":"5 minutos"},"schema":{"@context":"https:\/\/schema.org","@graph":[{"@type":"WebPage","@id":"https:\/\/lightingspain.com\/blog\/como-programar-encendido-apagado-luces-casa\/","url":"https:\/\/lightingspain.com\/blog\/como-programar-encendido-apagado-luces-casa\/","name":"Programar el encendido y apagado de luces de casa | LightingSpain","isPartOf":{"@id":"https:\/\/lightingspain.com\/blog\/#website"},"primaryImageOfPage":{"@id":"https:\/\/lightingspain.com\/blog\/como-programar-encendido-apagado-luces-casa\/#primaryimage"},"image":{"@id":"https:\/\/lightingspain.com\/blog\/como-programar-encendido-apagado-luces-casa\/#primaryimage"},"thumbnailUrl":"https:\/\/lightingspain.com\/blog\/wp-content\/uploads\/2020\/03\/poirtada-art-e1742461169625.jpg","datePublished":"2025-02-11T13:41:07+00:00","dateModified":"2025-03-20T08:59:35+00:00","author":{"@id":"https:\/\/lightingspain.com\/blog\/#\/schema\/person\/f151c75014f33473ada8d83e3d2c43b7"},"description":"No solo para tus vacaciones. Programar las luces de casa es una buena pr\u00e1ctica si pasas la noche fuera. Aqu\u00ed te ense\u00f1amos c\u00f3mo encender y apagar f\u00e1cilmente","breadcrumb":{"@id":"https:\/\/lightingspain.com\/blog\/como-programar-encendido-apagado-luces-casa\/#breadcrumb"},"inLanguage":"es","potentialAction":[{"@type":"ReadAction","target":["https:\/\/lightingspain.com\/blog\/como-programar-encendido-apagado-luces-casa\/"]}]},{"@type":"ImageObject","inLanguage":"es","@id":"https:\/\/lightingspain.com\/blog\/como-programar-encendido-apagado-luces-casa\/#primaryimage","url":"https:\/\/lightingspain.com\/blog\/wp-content\/uploads\/2020\/03\/poirtada-art-e1742461169625.jpg","contentUrl":"https:\/\/lightingspain.com\/blog\/wp-content\/uploads\/2020\/03\/poirtada-art-e1742461169625.jpg","width":500,"height":340},{"@type":"BreadcrumbList","@id":"https:\/\/lightingspain.com\/blog\/como-programar-encendido-apagado-luces-casa\/#breadcrumb","itemListElement":[{"@type":"ListItem","position":1,"name":"Portada","item":"https:\/\/lightingspain.com\/blog\/"},{"@type":"ListItem","position":2,"name":"\u00bfC\u00f3mo programar el encendido y apagado de las luces de casa?"}]},{"@type":"WebSite","@id":"https:\/\/lightingspain.com\/blog\/#website","url":"https:\/\/lightingspain.com\/blog\/","name":"Blog lightingspain","description":"Otro sitio realizado con WordPress","potentialAction":[{"@type":"SearchAction","target":{"@type":"EntryPoint","urlTemplate":"https:\/\/lightingspain.com\/blog\/?s={search_term_string}"},"query-input":{"@type":"PropertyValueSpecification","valueRequired":true,"valueName":"search_term_string"}}],"inLanguage":"es"},{"@type":"Person","@id":"https:\/\/lightingspain.com\/blog\/#\/schema\/person\/f151c75014f33473ada8d83e3d2c43b7","name":"Lightingspain","image":{"@type":"ImageObject","inLanguage":"es","@id":"https:\/\/lightingspain.com\/blog\/#\/schema\/person\/image\/","url":"https:\/\/secure.gravatar.com\/avatar\/?s=96&d=mm&r=g","contentUrl":"https:\/\/secure.gravatar.com\/avatar\/?s=96&d=mm&r=g","caption":"Lightingspain"},"url":"https:\/\/lightingspain.com\/blog\/author\/lightingspain\/"}]}},"_links":{"self":[{"href":"https:\/\/lightingspain.com\/blog\/wp-json\/wp\/v2\/posts\/2584"}],"collection":[{"href":"https:\/\/lightingspain.com\/blog\/wp-json\/wp\/v2\/posts"}],"about":[{"href":"https:\/\/lightingspain.com\/blog\/wp-json\/wp\/v2\/types\/post"}],"author":[{"embeddable":true,"href":"https:\/\/lightingspain.com\/blog\/wp-json\/wp\/v2\/users\/2"}],"replies":[{"embeddable":true,"href":"https:\/\/lightingspain.com\/blog\/wp-json\/wp\/v2\/comments?post=2584"}],"version-history":[{"count":12,"href":"https:\/\/lightingspain.com\/blog\/wp-json\/wp\/v2\/posts\/2584\/revisions"}],"predecessor-version":[{"id":5348,"href":"https:\/\/lightingspain.com\/blog\/wp-json\/wp\/v2\/posts\/2584\/revisions\/5348"}],"wp:featuredmedia":[{"embeddable":true,"href":"https:\/\/lightingspain.com\/blog\/wp-json\/wp\/v2\/media\/4436"}],"wp:attachment":[{"href":"https:\/\/lightingspain.com\/blog\/wp-json\/wp\/v2\/media?parent=2584"}],"wp:term":[{"taxonomy":"category","embeddable":true,"href":"https:\/\/lightingspain.com\/blog\/wp-json\/wp\/v2\/categories?post=2584"},{"taxonomy":"post_tag","embeddable":true,"href":"https:\/\/lightingspain.com\/blog\/wp-json\/wp\/v2\/tags?post=2584"}],"curies":[{"name":"wp","href":"https:\/\/api.w.org\/{rel}","templated":true}]}}