{"id":2346,"date":"2025-01-14T14:19:02","date_gmt":"2025-01-14T14:19:02","guid":{"rendered":"http:\/\/lightingspain.com\/wp\/?p=2346"},"modified":"2025-03-20T09:25:25","modified_gmt":"2025-03-20T09:25:25","slug":"lamparas-para-cabecero","status":"publish","type":"post","link":"https:\/\/lightingspain.com\/blog\/lamparas-para-cabecero\/","title":{"rendered":"L\u00e1mparas de dormitorio seg\u00fan el cabecero de la cama"},"content":{"rendered":"<p>Buenos d\u00edas, buenas noches y \u00a1Muchas, muchas luces! M\u00e1s all\u00e1 de ser el lugar preferido para dormir, el dormitorio se ha convertido en una de las estancias con m\u00e1s usos dentro del hogar.<\/p>\n<p><!--more--><\/p>\n<p>Descansar de la rutina diaria, relajarnos mientras leemos un libro y hasta disfrutar de un rato divertido con la mejor de las compa\u00f1\u00edas.\u00a0 Pero, \u00bfser\u00edan posible todas estas actividades sin tener un correcto sistema de <a href=\"https:\/\/lightingspain.com\/376-lamparas-de-dormitorio\"><strong>iluminaci\u00f3n en el dormitorio<\/strong><\/a>?<\/p>\n<p>Comodidad y bienestar es justo lo que nunca puede faltar en este lugar tan especial de la casa y una buena forma de conseguirlo es a trav\u00e9s de la luz.<\/p>\n<p>Como no pod\u00eda ser de otra manera, desde LightingSpain te ayudamos a a iluminar tu habitaci\u00f3n con luces suaves y c\u00e1lidas a trav\u00e9s de las mejores <strong>tendencias de l\u00e1mparas de cabecero de cama.\u00a0<\/strong><\/p>\n<p><a href=\"https:\/\/lightingspain.com\/97122-aplique-de-pared-con-flexo-led-con-doble-interruptor-mood-faro.html\"><img loading=\"lazy\" decoding=\"async\" class=\"alignleft wp-image-2352 size-full\" src=\"https:\/\/lightingspain.com\/wp\/wp-content\/uploads\/2020\/01\/lampara-con-flexo-para-dormitorio-para-lectura-faro-mood.jpg\" alt=\"\" width=\"800\" height=\"522\" \/><\/a><em>Visita el producto en nuestra tienda:<\/em> <strong><em><a href=\"https:\/\/lightingspain.com\/97122-aplique-de-pared-con-flexo-led-con-doble-interruptor-mood-faro.html\">Aplique de pared con flexo para dormitorio, Mood<\/a><\/em><\/strong><\/p>\n<h2><strong>Luces, intensidad y l\u00e1mparas para cabecero de cama<\/strong><\/h2>\n<p>De madera, al m\u00e1s puro estilo vintage, con materiales reciclados como son los palets y ahora rodeados de una gran iluminaci\u00f3n. Sigue junto a nosotros y conoce las luces de cabecero de la cama que mejor combinan con tu dormitorio.<\/p>\n<p><a href=\"https:\/\/lightingspain.com\/\"><img loading=\"lazy\" decoding=\"async\" class=\"aligncenter size-full wp-image-3314\" src=\"https:\/\/lightingspain.com\/blog\/wp-content\/uploads\/2021\/09\/Te-regalamos-10-\u20ac-en-tu-primer-pedido-1.png\" alt=\"Oferta especial lamparas cupon descuento\" width=\"2000\" height=\"1000\" srcset=\"https:\/\/lightingspain.com\/blog\/wp-content\/uploads\/2021\/09\/Te-regalamos-10-\u20ac-en-tu-primer-pedido-1.png 2000w, https:\/\/lightingspain.com\/blog\/wp-content\/uploads\/2021\/09\/Te-regalamos-10-\u20ac-en-tu-primer-pedido-1-300x150.png 300w, https:\/\/lightingspain.com\/blog\/wp-content\/uploads\/2021\/09\/Te-regalamos-10-\u20ac-en-tu-primer-pedido-1-1024x512.png 1024w, https:\/\/lightingspain.com\/blog\/wp-content\/uploads\/2021\/09\/Te-regalamos-10-\u20ac-en-tu-primer-pedido-1-768x384.png 768w, https:\/\/lightingspain.com\/blog\/wp-content\/uploads\/2021\/09\/Te-regalamos-10-\u20ac-en-tu-primer-pedido-1-1536x768.png 1536w, https:\/\/lightingspain.com\/blog\/wp-content\/uploads\/2021\/09\/Te-regalamos-10-\u20ac-en-tu-primer-pedido-1-1920x960.png 1920w, https:\/\/lightingspain.com\/blog\/wp-content\/uploads\/2021\/09\/Te-regalamos-10-\u20ac-en-tu-primer-pedido-1-1170x585.png 1170w, https:\/\/lightingspain.com\/blog\/wp-content\/uploads\/2021\/09\/Te-regalamos-10-\u20ac-en-tu-primer-pedido-1-585x293.png 585w\" sizes=\"(max-width: 2000px) 100vw, 2000px\" \/><\/a><\/p>\n<h3><strong>L\u00e1mparas colgantes en tu cabecero<\/strong><\/h3>\n<p>\u00a1C\u00f3mo has le\u00eddo! Ya nadie puede dudar que la iluminaci\u00f3n y el interiorismo van de la mano y desde luego las l\u00e1mparas colgantes para dar luz a tu cabecero es una buena muestra de ello.<\/p>\n<p><a href=\"https:\/\/lightingspain.com\/23261-lampara-de-suspension-raindrop-lzf.html\"><img loading=\"lazy\" decoding=\"async\" class=\"aligncenter size-full wp-image-4525\" src=\"https:\/\/lightingspain.com\/blog\/wp-content\/uploads\/2020\/01\/lampara-colgante-raindrop-lzf.jpg\" alt=\"\" width=\"800\" height=\"1128\" srcset=\"https:\/\/lightingspain.com\/blog\/wp-content\/uploads\/2020\/01\/lampara-colgante-raindrop-lzf.jpg 800w, https:\/\/lightingspain.com\/blog\/wp-content\/uploads\/2020\/01\/lampara-colgante-raindrop-lzf-213x300.jpg 213w, https:\/\/lightingspain.com\/blog\/wp-content\/uploads\/2020\/01\/lampara-colgante-raindrop-lzf-726x1024.jpg 726w, https:\/\/lightingspain.com\/blog\/wp-content\/uploads\/2020\/01\/lampara-colgante-raindrop-lzf-768x1083.jpg 768w, https:\/\/lightingspain.com\/blog\/wp-content\/uploads\/2020\/01\/lampara-colgante-raindrop-lzf-585x825.jpg 585w\" sizes=\"(max-width: 800px) 100vw, 800px\" \/><\/a><\/p>\n<p><em>Visita el producto en nuestra tienda:<\/em> <em><strong><a href=\"https:\/\/lightingspain.com\/23261-lampara-de-suspension-raindrop-lzf.html\">L\u00e1mpara colgante, Raindrop<\/a><\/strong><\/em><\/p>\n<p>Esta opci\u00f3n se ha convertido en una de las alternativas m\u00e1s trend que tenemos actualmente, disponiendo as\u00ed de una luz general en el dormitorio que rompe con los dise\u00f1os acostumbrados anteriormente.<\/p>\n<p><a href=\"https:\/\/lightingspain.com\/185793-lampara-colgante-kan-xs-luxcambra.html\"><img loading=\"lazy\" decoding=\"async\" class=\"aligncenter size-full wp-image-4526\" src=\"https:\/\/lightingspain.com\/blog\/wp-content\/uploads\/2020\/01\/Lampara-colgante-kan.jpg\" alt=\"\" width=\"800\" height=\"953\" srcset=\"https:\/\/lightingspain.com\/blog\/wp-content\/uploads\/2020\/01\/Lampara-colgante-kan.jpg 800w, https:\/\/lightingspain.com\/blog\/wp-content\/uploads\/2020\/01\/Lampara-colgante-kan-252x300.jpg 252w, https:\/\/lightingspain.com\/blog\/wp-content\/uploads\/2020\/01\/Lampara-colgante-kan-768x915.jpg 768w, https:\/\/lightingspain.com\/blog\/wp-content\/uploads\/2020\/01\/Lampara-colgante-kan-585x697.jpg 585w\" sizes=\"(max-width: 800px) 100vw, 800px\" \/><\/a><\/p>\n<p><em>Visita el producto en nuestra tienda: <strong><a href=\"https:\/\/lightingspain.com\/185793-lampara-colgante-kan-xs-luxcambra.html\">L\u00e1mpara colgante, Kan<\/a><\/strong><\/em><\/p>\n<p>Adem\u00e1s este tipo de luminarias pueden ser combinadas perfectamente con otras como pueden ser los apliques, los flexos o las <strong><a href=\"https:\/\/lightingspain.com\/275-lamparas-de-mesilla-de-noche\">l\u00e1mparas en la mesita de noche<\/a><\/strong>, ofreciendo as\u00ed una iluminaci\u00f3n ideal en este espacio tan cool de nuestro hogar.<\/p>\n<p><a href=\"https:\/\/lightingspain.com\/178057-aplique-de-pared-nit-faro-izquierdo-blanco-negro.html\"><img loading=\"lazy\" decoding=\"async\" class=\"aligncenter size-full wp-image-4527\" src=\"https:\/\/lightingspain.com\/blog\/wp-content\/uploads\/2020\/01\/Aplique-de-pared-nit.jpg\" alt=\"\" width=\"800\" height=\"943\" srcset=\"https:\/\/lightingspain.com\/blog\/wp-content\/uploads\/2020\/01\/Aplique-de-pared-nit.jpg 800w, https:\/\/lightingspain.com\/blog\/wp-content\/uploads\/2020\/01\/Aplique-de-pared-nit-255x300.jpg 255w, https:\/\/lightingspain.com\/blog\/wp-content\/uploads\/2020\/01\/Aplique-de-pared-nit-768x905.jpg 768w, https:\/\/lightingspain.com\/blog\/wp-content\/uploads\/2020\/01\/Aplique-de-pared-nit-585x690.jpg 585w\" sizes=\"(max-width: 800px) 100vw, 800px\" \/><\/a><\/p>\n<p><em>Visita el producto en nuestra tienda: <a href=\"https:\/\/lightingspain.com\/178057-aplique-de-pared-nit-faro-izquierdo-blanco-negro.html\"><strong>Aplique de pared, Nit<\/strong><\/a><\/em><\/p>\n<div class=\"row\">\n<p>[dp_product id=97122 type=a domain=0 name=\u00bbAplique de pared, Mood\u00bb description=\u00bbhttps:\/\/lightingspain.com\/97122-aplique-de-pared-con-flexo-led-con-doble-interruptor-mood-faro.html\u00bb button=\u00bbVer producto\u00bb with_taxes=1 with_price=1 ][dp_product id=23159 type=a domain=0 name=\u00bbL\u00e1mpara colgante, I Club\u00bb description=\u00bbhttps:\/\/lightingspain.com\/23159-lampara-de-suspension-de-madera-natural-en-11-colores-regulable-bluethooth-control-remoto-i-club-lzf.html\u00bb button=\u00bbVer producto\u00bb with_taxes=1 with_price=1 ][dp_product id=32654 type=a domain=0 name=\u00bbL\u00e1mpara colgante, Khalifa\u00bb description=\u00bbhttps:\/\/lightingspain.com\/32654-lampara-colgante-de-cristal-facetado-en-2-colores-khalifa-mantra.html\u00bb button=\u00bbVer producto\u00bb with_taxes=1 with_price=1 ][dp_product id=97056 type=a domain=0 name=\u00bbL\u00e1mpara de mesa, Niko\u00bb description=\u00bbhttps:\/\/lightingspain.com\/97056-lampara-de-mesa-led-smd-con-cargador-de-movil-usb-y-regulador-de-intensidad-niko-faro.html\u00bb button=\u00bbVer producto\u00bb with_taxes=1 with_price=1 ]<\/p>\n<div><\/div>\n<\/div>\n<h3><strong>Apliques, la soluci\u00f3n perfecta para tu peque\u00f1o acogedor dormitorio<\/strong><\/h3>\n<p>Si en tu caso no cuentas con un dormitorio grande, \u00a1No te preocupes! La utilizaci\u00f3n de un <a href=\"https:\/\/lightingspain.com\/264-apliques-de-pared\"><strong>aplique de pared<\/strong><\/a> para iluminar el cabecero de la cama es ideal para no consumir espacio y ofrecer ese bienestar que tanto se necesita.<\/p>\n<p>Situado justo en la zona central, aproximadamente, del cabecero ser\u00e1 la soluci\u00f3n perfecta para dar luz a tu dormitorio.<\/p>\n<p><a href=\"https:\/\/lightingspain.com\/31570-aplique-de-pared-de-lectura-led-de-metal-negro-3200k-lyon-acb-iluminacion.html\"><img loading=\"lazy\" decoding=\"async\" class=\"alignleft wp-image-2348 size-full\" src=\"https:\/\/lightingspain.com\/wp\/wp-content\/uploads\/2020\/01\/flexo-led-para-lectura-dormitorio-de-acb-iluminacion.jpg\" alt=\"\" width=\"800\" height=\"791\" \/><\/a><em>Visita el producto en nuestra tienda: <a href=\"https:\/\/lightingspain.com\/31570-aplique-de-pared-de-lectura-led-de-metal-negro-3200k-lyon-acb-iluminacion.html\"><strong>Aplique con flexo para dormitorio, Lyon<\/strong><\/a><\/em><\/p>\n<h3><strong>\u00a1Un cl\u00e1sico! L\u00e1mparas de pie para iluminar tu cabecero <\/strong><\/h3>\n<p>Un complemento m\u00e1s dentro de la mesita de noche, a ambos lados del cabecero o bien sobre el mismo mueble, \u00a1T\u00fa decides! Las l\u00e1mparas de pie para dar luz a este mobiliario del dormitorio es un cl\u00e1sico que nunca puede olvidarse.<\/p>\n<p>Adem\u00e1s de ofrecer luz a esta estancia, tambi\u00e9n ayudan a aportar un estilo elegante y desde luego un dise\u00f1o \u00fanico a uno de los espacios m\u00e1s personales del hogar.<\/p>\n<p><a href=\"https:\/\/lightingspain.com\/64194-lampara-de-pie-led-de-madera-natural-en-varios-colores-thesis-lzf.html\"><img loading=\"lazy\" decoding=\"async\" class=\"alignleft wp-image-2357 size-full\" src=\"https:\/\/lightingspain.com\/wp\/wp-content\/uploads\/2020\/01\/thesis-lampara-de-pie-led-para-dormitorio-de-lzf.jpg\" alt=\"\" width=\"800\" height=\"512\" \/><\/a><\/p>\n<p><em>Visita el producto en nuestra tienda: <strong><a href=\"https:\/\/lightingspain.com\/64194-lampara-de-pie-led-de-madera-natural-en-varios-colores-thesis-lzf.html\">L\u00e1mpara de pie de madera natural, Thesis<\/a><\/strong><\/em><\/p>\n<h3><strong>Diversi\u00f3n con guirnaldas de tiras led<\/strong><\/h3>\n<p>Es hora de escapar de lo convencional. Una de las opciones m\u00e1s divertidas para iluminar tu cabecero son las <a href=\"https:\/\/lightingspain.com\/175810-guirnaldas-led-para-exterior-e-interior-portofino-novolux-lighting.html\"><strong>guirnaldas con tiras Led<\/strong><\/a>.<\/p>\n<p>F\u00e1ciles, econ\u00f3micas y hasta con regulador de intensidad. Con las guirnaldas podr\u00e1s tener una luz indirecta dentro de la habitaci\u00f3n, adem\u00e1s de dar un toque divertido a tu estancia.<\/p>\n<div class=\"row\">\n<p>[dp_product id=31570 type=a domain=0 name=\u00bbAplique de pared, Lyon\u00bb description=\u00bbhttps:\/\/lightingspain.com\/31570-aplique-de-pared-de-lectura-led-de-metal-negro-3200k-lyon-acb-iluminacion.html\u00bb button=\u00bbVer producto\u00bb with_taxes=1 with_price=1 ][dp_product id=64194 type=a domain=0 name=\u00bbL\u00e1mpara de techo, Thesis\u00bb description=\u00bbhttps:\/\/lightingspain.com\/64194-lampara-de-pie-led-de-madera-natural-en-varios-colores-thesis-lzf.html\u00bb button=\u00bbVer producto\u00bb with_taxes=1 with_price=1 ][dp_product id=179649 type=a domain=0 name=\u00bbColgante de techo, Tera\u00bb description=\u00bbhttps:\/\/lightingspain.com\/179649-colgante-de-techo-tera-aromas-lampara-de-techo-metal-pavonado-regulable-dali-push.html\u00bb button=\u00bbVer producto\u00bb with_taxes=1 with_price=1 ][dp_product id=180012 type=a domain=0 name=\u00bbAplique de pared, Balance\u00bb description=\u00bbhttps:\/\/lightingspain.com\/180012-aplique-de-pared-balance-pujol-lampara-minimalista-tipo-bola-8436581083309.html\u00bb button=\u00bbVer producto\u00bb with_taxes=1 with_price=1 ]<\/p>\n<div><\/div>\n<\/div>\n<p style=\"text-align: center;\"><a href=\"https:\/\/lightingspain.com\/275-lamparas-de-mesilla-de-noche-\"><img loading=\"lazy\" decoding=\"async\" class=\"alignnone wp-image-2999 size-medium\" src=\"https:\/\/lightingspain.com\/blog\/wp-content\/uploads\/2019\/07\/LightingSpain-2-300x73.jpg\" alt=\"\" width=\"300\" height=\"73\" srcset=\"https:\/\/lightingspain.com\/blog\/wp-content\/uploads\/2019\/07\/LightingSpain-2-300x73.jpg 300w, https:\/\/lightingspain.com\/blog\/wp-content\/uploads\/2019\/07\/LightingSpain-2-768x188.jpg 768w, https:\/\/lightingspain.com\/blog\/wp-content\/uploads\/2019\/07\/LightingSpain-2-585x143.jpg 585w, https:\/\/lightingspain.com\/blog\/wp-content\/uploads\/2019\/07\/LightingSpain-2.jpg 1024w\" sizes=\"(max-width: 300px) 100vw, 300px\" \/><\/a><\/p>\n","protected":false},"excerpt":{"rendered":"<p>Buenos d\u00edas, buenas noches y \u00a1Muchas, muchas luces! M\u00e1s all\u00e1 de ser el lugar preferido para dormir, el dormitorio se ha convertido en una&hellip;<\/p>\n","protected":false},"author":2,"featured_media":3220,"comment_status":"open","ping_status":"closed","sticky":false,"template":"","format":"image","meta":{"footnotes":""},"categories":[14],"tags":[],"class_list":["post-2346","post","type-post","status-publish","format-image","has-post-thumbnail","hentry","category-ideas","post_format-post-format-image"],"yoast_head":"<!-- This site is optimized with the Yoast SEO plugin v23.4 - https:\/\/yoast.com\/wordpress\/plugins\/seo\/ -->\n<title>L\u00e1mparas de dormitorio seg\u00fan el cabecero de la cama - Blog lightingspain<\/title>\n<meta name=\"description\" content=\"Descubre las mejores lamparas para cabecero de cama seg\u00fan el estilo y dise\u00f1o de tu dormitorio. Ideas y consejos de decoraci\u00f3n con l\u00e1mparas para cabecero.\" \/>\n<meta name=\"robots\" content=\"index, follow, max-snippet:-1, max-image-preview:large, max-video-preview:-1\" \/>\n<link rel=\"canonical\" href=\"https:\/\/lightingspain.com\/blog\/lamparas-para-cabecero\/\" \/>\n<meta property=\"og:locale\" content=\"es_ES\" \/>\n<meta property=\"og:type\" content=\"article\" \/>\n<meta property=\"og:title\" content=\"L\u00e1mparas de dormitorio seg\u00fan el cabecero de la cama - Blog lightingspain\" \/>\n<meta property=\"og:description\" content=\"Descubre las mejores lamparas para cabecero de cama seg\u00fan el estilo y dise\u00f1o de tu dormitorio. Ideas y consejos de decoraci\u00f3n con l\u00e1mparas para cabecero.\" \/>\n<meta property=\"og:url\" content=\"https:\/\/lightingspain.com\/blog\/lamparas-para-cabecero\/\" \/>\n<meta property=\"og:site_name\" content=\"Blog lightingspain\" \/>\n<meta property=\"article:published_time\" content=\"2025-01-14T14:19:02+00:00\" \/>\n<meta property=\"article:modified_time\" content=\"2025-03-20T09:25:25+00:00\" \/>\n<meta property=\"og:image\" content=\"https:\/\/lightingspain.com\/blog\/wp-content\/uploads\/2020\/01\/lamparas-perfectas-para-cabecero-de-la-cama-e1742462720254.jpg\" \/>\n\t<meta property=\"og:image:width\" content=\"499\" \/>\n\t<meta property=\"og:image:height\" content=\"338\" \/>\n\t<meta property=\"og:image:type\" content=\"image\/jpeg\" \/>\n<meta name=\"author\" content=\"Lightingspain\" \/>\n<meta name=\"twitter:card\" content=\"summary_large_image\" \/>\n<meta name=\"twitter:label1\" content=\"Escrito por\" \/>\n\t<meta name=\"twitter:data1\" content=\"Lightingspain\" \/>\n\t<meta name=\"twitter:label2\" content=\"Tiempo de lectura\" \/>\n\t<meta name=\"twitter:data2\" content=\"5 minutos\" \/>\n<script type=\"application\/ld+json\" class=\"yoast-schema-graph\">{\"@context\":\"https:\/\/schema.org\",\"@graph\":[{\"@type\":\"WebPage\",\"@id\":\"https:\/\/lightingspain.com\/blog\/lamparas-para-cabecero\/\",\"url\":\"https:\/\/lightingspain.com\/blog\/lamparas-para-cabecero\/\",\"name\":\"L\u00e1mparas de dormitorio seg\u00fan el cabecero de la cama - Blog lightingspain\",\"isPartOf\":{\"@id\":\"https:\/\/lightingspain.com\/blog\/#website\"},\"primaryImageOfPage\":{\"@id\":\"https:\/\/lightingspain.com\/blog\/lamparas-para-cabecero\/#primaryimage\"},\"image\":{\"@id\":\"https:\/\/lightingspain.com\/blog\/lamparas-para-cabecero\/#primaryimage\"},\"thumbnailUrl\":\"https:\/\/lightingspain.com\/blog\/wp-content\/uploads\/2020\/01\/lamparas-perfectas-para-cabecero-de-la-cama-e1742462720254.jpg\",\"datePublished\":\"2025-01-14T14:19:02+00:00\",\"dateModified\":\"2025-03-20T09:25:25+00:00\",\"author\":{\"@id\":\"https:\/\/lightingspain.com\/blog\/#\/schema\/person\/f151c75014f33473ada8d83e3d2c43b7\"},\"description\":\"Descubre las mejores lamparas para cabecero de cama seg\u00fan el estilo y dise\u00f1o de tu dormitorio. Ideas y consejos de decoraci\u00f3n con l\u00e1mparas para cabecero.\",\"breadcrumb\":{\"@id\":\"https:\/\/lightingspain.com\/blog\/lamparas-para-cabecero\/#breadcrumb\"},\"inLanguage\":\"es\",\"potentialAction\":[{\"@type\":\"ReadAction\",\"target\":[\"https:\/\/lightingspain.com\/blog\/lamparas-para-cabecero\/\"]}]},{\"@type\":\"ImageObject\",\"inLanguage\":\"es\",\"@id\":\"https:\/\/lightingspain.com\/blog\/lamparas-para-cabecero\/#primaryimage\",\"url\":\"https:\/\/lightingspain.com\/blog\/wp-content\/uploads\/2020\/01\/lamparas-perfectas-para-cabecero-de-la-cama-e1742462720254.jpg\",\"contentUrl\":\"https:\/\/lightingspain.com\/blog\/wp-content\/uploads\/2020\/01\/lamparas-perfectas-para-cabecero-de-la-cama-e1742462720254.jpg\",\"width\":499,\"height\":338},{\"@type\":\"BreadcrumbList\",\"@id\":\"https:\/\/lightingspain.com\/blog\/lamparas-para-cabecero\/#breadcrumb\",\"itemListElement\":[{\"@type\":\"ListItem\",\"position\":1,\"name\":\"Portada\",\"item\":\"https:\/\/lightingspain.com\/blog\/\"},{\"@type\":\"ListItem\",\"position\":2,\"name\":\"L\u00e1mparas de dormitorio seg\u00fan el cabecero de la cama\"}]},{\"@type\":\"WebSite\",\"@id\":\"https:\/\/lightingspain.com\/blog\/#website\",\"url\":\"https:\/\/lightingspain.com\/blog\/\",\"name\":\"Blog lightingspain\",\"description\":\"Otro sitio realizado con WordPress\",\"potentialAction\":[{\"@type\":\"SearchAction\",\"target\":{\"@type\":\"EntryPoint\",\"urlTemplate\":\"https:\/\/lightingspain.com\/blog\/?s={search_term_string}\"},\"query-input\":{\"@type\":\"PropertyValueSpecification\",\"valueRequired\":true,\"valueName\":\"search_term_string\"}}],\"inLanguage\":\"es\"},{\"@type\":\"Person\",\"@id\":\"https:\/\/lightingspain.com\/blog\/#\/schema\/person\/f151c75014f33473ada8d83e3d2c43b7\",\"name\":\"Lightingspain\",\"image\":{\"@type\":\"ImageObject\",\"inLanguage\":\"es\",\"@id\":\"https:\/\/lightingspain.com\/blog\/#\/schema\/person\/image\/\",\"url\":\"https:\/\/secure.gravatar.com\/avatar\/?s=96&d=mm&r=g\",\"contentUrl\":\"https:\/\/secure.gravatar.com\/avatar\/?s=96&d=mm&r=g\",\"caption\":\"Lightingspain\"},\"url\":\"https:\/\/lightingspain.com\/blog\/author\/lightingspain\/\"}]}<\/script>\n<!-- \/ Yoast SEO plugin. -->","yoast_head_json":{"title":"L\u00e1mparas de dormitorio seg\u00fan el cabecero de la cama - Blog lightingspain","description":"Descubre las mejores lamparas para cabecero de cama seg\u00fan el estilo y dise\u00f1o de tu dormitorio. Ideas y consejos de decoraci\u00f3n con l\u00e1mparas para cabecero.","robots":{"index":"index","follow":"follow","max-snippet":"max-snippet:-1","max-image-preview":"max-image-preview:large","max-video-preview":"max-video-preview:-1"},"canonical":"https:\/\/lightingspain.com\/blog\/lamparas-para-cabecero\/","og_locale":"es_ES","og_type":"article","og_title":"L\u00e1mparas de dormitorio seg\u00fan el cabecero de la cama - Blog lightingspain","og_description":"Descubre las mejores lamparas para cabecero de cama seg\u00fan el estilo y dise\u00f1o de tu dormitorio. Ideas y consejos de decoraci\u00f3n con l\u00e1mparas para cabecero.","og_url":"https:\/\/lightingspain.com\/blog\/lamparas-para-cabecero\/","og_site_name":"Blog lightingspain","article_published_time":"2025-01-14T14:19:02+00:00","article_modified_time":"2025-03-20T09:25:25+00:00","og_image":[{"width":499,"height":338,"url":"https:\/\/lightingspain.com\/blog\/wp-content\/uploads\/2020\/01\/lamparas-perfectas-para-cabecero-de-la-cama-e1742462720254.jpg","type":"image\/jpeg"}],"author":"Lightingspain","twitter_card":"summary_large_image","twitter_misc":{"Escrito por":"Lightingspain","Tiempo de lectura":"5 minutos"},"schema":{"@context":"https:\/\/schema.org","@graph":[{"@type":"WebPage","@id":"https:\/\/lightingspain.com\/blog\/lamparas-para-cabecero\/","url":"https:\/\/lightingspain.com\/blog\/lamparas-para-cabecero\/","name":"L\u00e1mparas de dormitorio seg\u00fan el cabecero de la cama - Blog lightingspain","isPartOf":{"@id":"https:\/\/lightingspain.com\/blog\/#website"},"primaryImageOfPage":{"@id":"https:\/\/lightingspain.com\/blog\/lamparas-para-cabecero\/#primaryimage"},"image":{"@id":"https:\/\/lightingspain.com\/blog\/lamparas-para-cabecero\/#primaryimage"},"thumbnailUrl":"https:\/\/lightingspain.com\/blog\/wp-content\/uploads\/2020\/01\/lamparas-perfectas-para-cabecero-de-la-cama-e1742462720254.jpg","datePublished":"2025-01-14T14:19:02+00:00","dateModified":"2025-03-20T09:25:25+00:00","author":{"@id":"https:\/\/lightingspain.com\/blog\/#\/schema\/person\/f151c75014f33473ada8d83e3d2c43b7"},"description":"Descubre las mejores lamparas para cabecero de cama seg\u00fan el estilo y dise\u00f1o de tu dormitorio. Ideas y consejos de decoraci\u00f3n con l\u00e1mparas para cabecero.","breadcrumb":{"@id":"https:\/\/lightingspain.com\/blog\/lamparas-para-cabecero\/#breadcrumb"},"inLanguage":"es","potentialAction":[{"@type":"ReadAction","target":["https:\/\/lightingspain.com\/blog\/lamparas-para-cabecero\/"]}]},{"@type":"ImageObject","inLanguage":"es","@id":"https:\/\/lightingspain.com\/blog\/lamparas-para-cabecero\/#primaryimage","url":"https:\/\/lightingspain.com\/blog\/wp-content\/uploads\/2020\/01\/lamparas-perfectas-para-cabecero-de-la-cama-e1742462720254.jpg","contentUrl":"https:\/\/lightingspain.com\/blog\/wp-content\/uploads\/2020\/01\/lamparas-perfectas-para-cabecero-de-la-cama-e1742462720254.jpg","width":499,"height":338},{"@type":"BreadcrumbList","@id":"https:\/\/lightingspain.com\/blog\/lamparas-para-cabecero\/#breadcrumb","itemListElement":[{"@type":"ListItem","position":1,"name":"Portada","item":"https:\/\/lightingspain.com\/blog\/"},{"@type":"ListItem","position":2,"name":"L\u00e1mparas de dormitorio seg\u00fan el cabecero de la cama"}]},{"@type":"WebSite","@id":"https:\/\/lightingspain.com\/blog\/#website","url":"https:\/\/lightingspain.com\/blog\/","name":"Blog lightingspain","description":"Otro sitio realizado con WordPress","potentialAction":[{"@type":"SearchAction","target":{"@type":"EntryPoint","urlTemplate":"https:\/\/lightingspain.com\/blog\/?s={search_term_string}"},"query-input":{"@type":"PropertyValueSpecification","valueRequired":true,"valueName":"search_term_string"}}],"inLanguage":"es"},{"@type":"Person","@id":"https:\/\/lightingspain.com\/blog\/#\/schema\/person\/f151c75014f33473ada8d83e3d2c43b7","name":"Lightingspain","image":{"@type":"ImageObject","inLanguage":"es","@id":"https:\/\/lightingspain.com\/blog\/#\/schema\/person\/image\/","url":"https:\/\/secure.gravatar.com\/avatar\/?s=96&d=mm&r=g","contentUrl":"https:\/\/secure.gravatar.com\/avatar\/?s=96&d=mm&r=g","caption":"Lightingspain"},"url":"https:\/\/lightingspain.com\/blog\/author\/lightingspain\/"}]}},"_links":{"self":[{"href":"https:\/\/lightingspain.com\/blog\/wp-json\/wp\/v2\/posts\/2346"}],"collection":[{"href":"https:\/\/lightingspain.com\/blog\/wp-json\/wp\/v2\/posts"}],"about":[{"href":"https:\/\/lightingspain.com\/blog\/wp-json\/wp\/v2\/types\/post"}],"author":[{"embeddable":true,"href":"https:\/\/lightingspain.com\/blog\/wp-json\/wp\/v2\/users\/2"}],"replies":[{"embeddable":true,"href":"https:\/\/lightingspain.com\/blog\/wp-json\/wp\/v2\/comments?post=2346"}],"version-history":[{"count":14,"href":"https:\/\/lightingspain.com\/blog\/wp-json\/wp\/v2\/posts\/2346\/revisions"}],"predecessor-version":[{"id":5364,"href":"https:\/\/lightingspain.com\/blog\/wp-json\/wp\/v2\/posts\/2346\/revisions\/5364"}],"wp:featuredmedia":[{"embeddable":true,"href":"https:\/\/lightingspain.com\/blog\/wp-json\/wp\/v2\/media\/3220"}],"wp:attachment":[{"href":"https:\/\/lightingspain.com\/blog\/wp-json\/wp\/v2\/media?parent=2346"}],"wp:term":[{"taxonomy":"category","embeddable":true,"href":"https:\/\/lightingspain.com\/blog\/wp-json\/wp\/v2\/categories?post=2346"},{"taxonomy":"post_tag","embeddable":true,"href":"https:\/\/lightingspain.com\/blog\/wp-json\/wp\/v2\/tags?post=2346"}],"curies":[{"name":"wp","href":"https:\/\/api.w.org\/{rel}","templated":true}]}}