{"id":2216,"date":"2019-12-09T13:38:40","date_gmt":"2019-12-09T11:38:40","guid":{"rendered":"http:\/\/lightingspain.com\/wp\/?p=2216"},"modified":"2025-03-20T08:35:02","modified_gmt":"2025-03-20T08:35:02","slug":"luz-negra-ultravioleta","status":"publish","type":"post","link":"https:\/\/lightingspain.com\/blog\/luz-negra-ultravioleta\/","title":{"rendered":"Qu\u00e9 es la luz negra ultravioleta y para qu\u00e9 sirve"},"content":{"rendered":"<p>Blancas, amarillas, rojas y hasta \u00a1Negras! Como ya os contamos hace unas semanas, el color de la luz nos ayuda a crear el tipo de ambiente y sensaci\u00f3n en el espacio que queremos transmitir.<\/p>\n<p><!--more--><\/p>\n<p>En lugares tan concretos del hogar como el <a href=\"https:\/\/lightingspain.com\/376-lamparas-de-dormitorio\">dormitorio<\/a> es frecuente utilizar una luz blanca c\u00e1lida para sentirnos acogidos, mientras que nos decantamos por el uso de luces m\u00e1s fr\u00edas en espacios m\u00e1s de paso como la <a href=\"https:\/\/lightingspain.com\/379-lamparas-de-cocina\">cocina<\/a> donde se necesita una mayor estimulaci\u00f3n.<\/p>\n<p>Aunque los <a href=\"https:\/\/lightingspain.com\/blog\/temperatura-color-led\/\"><strong>colores de las luces<\/strong><\/a> han dejado de ser un secreto para todos nuestros lectores, existe todav\u00eda un tipo de luz en concreto que inspira curiosidad y enigma, la luz negra. M\u00e1s all\u00e1 de la creencia de que resalta los colores blancos, las luces negras tienen un funcionamiento claro dentro de la iluminaci\u00f3n que es el momento de que conozcas.<\/p>\n<p><a href=\"https:\/\/lightingspain.com\/\"><img loading=\"lazy\" decoding=\"async\" class=\"aligncenter size-full wp-image-3314\" src=\"https:\/\/lightingspain.com\/blog\/wp-content\/uploads\/2021\/09\/Te-regalamos-10-\u20ac-en-tu-primer-pedido-1.png\" alt=\"Oferta especial lamparas cupon descuento\" width=\"2000\" height=\"1000\" srcset=\"https:\/\/lightingspain.com\/blog\/wp-content\/uploads\/2021\/09\/Te-regalamos-10-\u20ac-en-tu-primer-pedido-1.png 2000w, https:\/\/lightingspain.com\/blog\/wp-content\/uploads\/2021\/09\/Te-regalamos-10-\u20ac-en-tu-primer-pedido-1-300x150.png 300w, https:\/\/lightingspain.com\/blog\/wp-content\/uploads\/2021\/09\/Te-regalamos-10-\u20ac-en-tu-primer-pedido-1-1024x512.png 1024w, https:\/\/lightingspain.com\/blog\/wp-content\/uploads\/2021\/09\/Te-regalamos-10-\u20ac-en-tu-primer-pedido-1-768x384.png 768w, https:\/\/lightingspain.com\/blog\/wp-content\/uploads\/2021\/09\/Te-regalamos-10-\u20ac-en-tu-primer-pedido-1-1536x768.png 1536w, https:\/\/lightingspain.com\/blog\/wp-content\/uploads\/2021\/09\/Te-regalamos-10-\u20ac-en-tu-primer-pedido-1-1920x960.png 1920w, https:\/\/lightingspain.com\/blog\/wp-content\/uploads\/2021\/09\/Te-regalamos-10-\u20ac-en-tu-primer-pedido-1-1170x585.png 1170w, https:\/\/lightingspain.com\/blog\/wp-content\/uploads\/2021\/09\/Te-regalamos-10-\u20ac-en-tu-primer-pedido-1-585x293.png 585w\" sizes=\"(max-width: 2000px) 100vw, 2000px\" \/><\/a><\/p>\n<h2><strong>\u00bfQu\u00e9 es exactamente la luz negra? <\/strong><\/h2>\n<p>Se denomina luz negra o ultravioleta a aquella l\u00e1mpara que es capaz de emitir una radiaci\u00f3n electromagn\u00e9tica ultravioleta a distancias cortas dejando un peque\u00f1o residuo de luz visible.<\/p>\n<p><img loading=\"lazy\" decoding=\"async\" class=\"alignleft size-full wp-image-2222\" src=\"https:\/\/lightingspain.com\/wp\/wp-content\/uploads\/2019\/12\/5497899444_2b96e774ef_b.jpg\" alt=\"\" width=\"800\" height=\"534\" \/><\/p>\n<h2><strong>\u00bfPara qu\u00e9 sirve la luz negra?<\/strong><\/h2>\n<p>Al igual que ocurre con las <a href=\"https:\/\/lightingspain.com\/blog\/beneficios-iluminacion-led\/\"><strong>l\u00e1mparas LED<\/strong><\/a>, las luminarias de luz negra tienen una gran cantidad usos que son m\u00e1s importantes que obtener una iluminaci\u00f3n tenue.<\/p>\n<p>Seguro que la recordar\u00e1s por ser uno de los fen\u00f3menos m\u00e1s comunes durante eventos o fiestas, donde se busca destacar todo tipo de colores entre la ropa o resaltar los ambientes oscuros. Sin embargo, son muchas m\u00e1s las aplicaciones que tiene la luz negra y en su mayor\u00eda, se encuentran relacionadas con la presencia de materiales fluorescentes.<\/p>\n<p><img loading=\"lazy\" decoding=\"async\" class=\"size-full wp-image-2221\" src=\"https:\/\/lightingspain.com\/wp\/wp-content\/uploads\/2019\/12\/48727883683_13b0e0747a_b.jpg\" alt=\"\" width=\"800\" height=\"600\" \/><\/p>\n<p>Autentificar objetos como el dinero o documentos importantes, como medida de detecci\u00f3n de enfermedades, ayuda para controlar plagas y hasta en el \u00e1mbito de la criminolog\u00eda y la medicina. El caso es que este tipo de luz se encuentra integrada en muchas m\u00e1s de las actividades que podamos creer a simple vista.<\/p>\n<p><img loading=\"lazy\" decoding=\"async\" class=\"alignleft size-full wp-image-2220\" src=\"https:\/\/lightingspain.com\/wp\/wp-content\/uploads\/2019\/12\/paciente-femenino-gafas-proteccion-seguridad-pasando-blanqueamiento-dental-laser-clinica_23-2147879319.jpg\" alt=\"\" width=\"1126\" height=\"750\" \/><\/p>\n<div class=\"row\">[dp_product id=179640 type=a domain=0 name=\u00bbAplique de pared, Lass\u00bb description=\u00bbhttps:\/\/lightingspain.com\/179640-aplique-de-pared-lass-aromas-lampara-de-pared-de-cristal-texturado-negro-led-2700k.html\u00bb button=\u00bbVer producto\u00bb with_taxes=1 with_price=1 ][dp_product id=179559 type=a domain=0 name=\u00bbL\u00e1mpara de escritorio, Torch\u00bb description=\u00bbhttps:\/\/lightingspain.com\/179559-lampara-de-escritorio-torch-mantra-lampara-de-mesa-minimalista-orientable-led-3000k.html\u00bb button=\u00bbVer producto\u00bb with_taxes=1 with_price=1 ][dp_product id=178971 type=a domain=0 name=\u00bbFoco empotrable, Kidal\u00bb description=\u00bbhttps:\/\/lightingspain.com\/178971-lampara-empotrable-kidal-acb-downlight-blanco-led-3000-4000k.html\u00bb button=\u00bbVer producto\u00bb with_taxes=1 with_price=1 ][dp_product id=4577 type=a domain=0 name=\u00bbAplique de pared, Plasma\u00bb description=\u00bbhttps:\/\/lightingspain.com\/4577-aplique-de-pared-led-en-aluminio-niquel-mate-3000k-plasma-pujol-iluminacion.html\u00bb button=\u00bbVer producto\u00bb with_taxes=1 with_price=1 ]<\/p>\n<div><\/div>\n<\/div>\n<h3><strong>Y, \u00bfc\u00f3mo funciona este tipo de luz?\u00a0 <\/strong><\/h3>\n<p>Mismo funcionamiento y misma fabricaci\u00f3n. La luz negra es exactamente igual a una l\u00e1mpara fluorescente. La \u00fanica diferencia que existe, entre ellas, es que las l\u00e1mparas de luz negra utilizan f\u00f3sforo y un cristal especial m\u00e1s oscuro para recubrir esta l\u00e1mpara, conocido como cristal de Wood.<\/p>\n<p>El cristal de Wood es un tipo de vidrio que permite bloquear las ondas electromagn\u00e9ticas, emitiendo as\u00ed esa radiaci\u00f3n ultravioleta tan famosa en este tipo de iluminaci\u00f3n. En el \u00e1mbito de la medicina se conoce directamente como Luz de Wood, siendo una de las principales herramientas de diagn\u00f3stico en especialidades como la dermatolog\u00eda.<\/p>\n<p><a href=\"https:\/\/lightingspain.com\/\"><img loading=\"lazy\" decoding=\"async\" class=\"wp-image-2999 size-medium aligncenter\" src=\"https:\/\/lightingspain.com\/blog\/wp-content\/uploads\/2019\/07\/LightingSpain-2-300x73.jpg\" alt=\"\" width=\"300\" height=\"73\" srcset=\"https:\/\/lightingspain.com\/blog\/wp-content\/uploads\/2019\/07\/LightingSpain-2-300x73.jpg 300w, https:\/\/lightingspain.com\/blog\/wp-content\/uploads\/2019\/07\/LightingSpain-2-768x188.jpg 768w, https:\/\/lightingspain.com\/blog\/wp-content\/uploads\/2019\/07\/LightingSpain-2-585x143.jpg 585w, https:\/\/lightingspain.com\/blog\/wp-content\/uploads\/2019\/07\/LightingSpain-2.jpg 1024w\" sizes=\"(max-width: 300px) 100vw, 300px\" \/><\/a><\/p>\n","protected":false},"excerpt":{"rendered":"<p>Blancas, amarillas, rojas y hasta \u00a1Negras! Como ya os contamos hace unas semanas, el color de la luz nos ayuda a crear el tipo&hellip;<\/p>\n","protected":false},"author":2,"featured_media":3234,"comment_status":"open","ping_status":"closed","sticky":false,"template":"","format":"image","meta":{"footnotes":""},"categories":[14],"tags":[],"class_list":["post-2216","post","type-post","status-publish","format-image","has-post-thumbnail","hentry","category-ideas","post_format-post-format-image"],"yoast_head":"<!-- This site is optimized with the Yoast SEO plugin v23.4 - https:\/\/yoast.com\/wordpress\/plugins\/seo\/ -->\n<title>Qu\u00e9 es la luz negra Ultravioleta y para qu\u00e9 sirve | LightingSpain<\/title>\n<meta name=\"description\" content=\"Todo lo que debes saber sobre la luz negra o luz ultravioleta. \u00bfEs lo mismo? \u00bfPara qu\u00e9 se usa? \u00bfqu\u00e9 efecto produce y c\u00f3mo lo logra? Te contamos todo aqu\u00ed.\" \/>\n<meta name=\"robots\" content=\"index, follow, max-snippet:-1, max-image-preview:large, max-video-preview:-1\" \/>\n<link rel=\"canonical\" href=\"https:\/\/lightingspain.com\/blog\/luz-negra-ultravioleta\/\" \/>\n<meta property=\"og:locale\" content=\"es_ES\" \/>\n<meta property=\"og:type\" content=\"article\" \/>\n<meta property=\"og:title\" content=\"Qu\u00e9 es la luz negra Ultravioleta y para qu\u00e9 sirve | LightingSpain\" \/>\n<meta property=\"og:description\" content=\"Todo lo que debes saber sobre la luz negra o luz ultravioleta. \u00bfEs lo mismo? \u00bfPara qu\u00e9 se usa? \u00bfqu\u00e9 efecto produce y c\u00f3mo lo logra? Te contamos todo aqu\u00ed.\" \/>\n<meta property=\"og:url\" content=\"https:\/\/lightingspain.com\/blog\/luz-negra-ultravioleta\/\" \/>\n<meta property=\"og:site_name\" content=\"Blog lightingspain\" \/>\n<meta property=\"article:published_time\" content=\"2019-12-09T11:38:40+00:00\" \/>\n<meta property=\"article:modified_time\" content=\"2025-03-20T08:35:02+00:00\" \/>\n<meta property=\"og:image\" content=\"https:\/\/lightingspain.com\/blog\/wp-content\/uploads\/2019\/12\/luz-negra-ultravioleta-e1742459695615.jpg\" \/>\n\t<meta property=\"og:image:width\" content=\"499\" \/>\n\t<meta property=\"og:image:height\" content=\"338\" \/>\n\t<meta property=\"og:image:type\" content=\"image\/jpeg\" \/>\n<meta name=\"author\" content=\"Lightingspain\" \/>\n<meta name=\"twitter:card\" content=\"summary_large_image\" \/>\n<meta name=\"twitter:label1\" content=\"Escrito por\" \/>\n\t<meta name=\"twitter:data1\" content=\"Lightingspain\" \/>\n\t<meta name=\"twitter:label2\" content=\"Tiempo de lectura\" \/>\n\t<meta name=\"twitter:data2\" content=\"4 minutos\" \/>\n<script type=\"application\/ld+json\" class=\"yoast-schema-graph\">{\"@context\":\"https:\/\/schema.org\",\"@graph\":[{\"@type\":\"WebPage\",\"@id\":\"https:\/\/lightingspain.com\/blog\/luz-negra-ultravioleta\/\",\"url\":\"https:\/\/lightingspain.com\/blog\/luz-negra-ultravioleta\/\",\"name\":\"Qu\u00e9 es la luz negra Ultravioleta y para qu\u00e9 sirve | LightingSpain\",\"isPartOf\":{\"@id\":\"https:\/\/lightingspain.com\/blog\/#website\"},\"primaryImageOfPage\":{\"@id\":\"https:\/\/lightingspain.com\/blog\/luz-negra-ultravioleta\/#primaryimage\"},\"image\":{\"@id\":\"https:\/\/lightingspain.com\/blog\/luz-negra-ultravioleta\/#primaryimage\"},\"thumbnailUrl\":\"https:\/\/lightingspain.com\/blog\/wp-content\/uploads\/2019\/12\/luz-negra-ultravioleta-e1742459695615.jpg\",\"datePublished\":\"2019-12-09T11:38:40+00:00\",\"dateModified\":\"2025-03-20T08:35:02+00:00\",\"author\":{\"@id\":\"https:\/\/lightingspain.com\/blog\/#\/schema\/person\/f151c75014f33473ada8d83e3d2c43b7\"},\"description\":\"Todo lo que debes saber sobre la luz negra o luz ultravioleta. \u00bfEs lo mismo? \u00bfPara qu\u00e9 se usa? \u00bfqu\u00e9 efecto produce y c\u00f3mo lo logra? Te contamos todo aqu\u00ed.\",\"breadcrumb\":{\"@id\":\"https:\/\/lightingspain.com\/blog\/luz-negra-ultravioleta\/#breadcrumb\"},\"inLanguage\":\"es\",\"potentialAction\":[{\"@type\":\"ReadAction\",\"target\":[\"https:\/\/lightingspain.com\/blog\/luz-negra-ultravioleta\/\"]}]},{\"@type\":\"ImageObject\",\"inLanguage\":\"es\",\"@id\":\"https:\/\/lightingspain.com\/blog\/luz-negra-ultravioleta\/#primaryimage\",\"url\":\"https:\/\/lightingspain.com\/blog\/wp-content\/uploads\/2019\/12\/luz-negra-ultravioleta-e1742459695615.jpg\",\"contentUrl\":\"https:\/\/lightingspain.com\/blog\/wp-content\/uploads\/2019\/12\/luz-negra-ultravioleta-e1742459695615.jpg\",\"width\":499,\"height\":338},{\"@type\":\"BreadcrumbList\",\"@id\":\"https:\/\/lightingspain.com\/blog\/luz-negra-ultravioleta\/#breadcrumb\",\"itemListElement\":[{\"@type\":\"ListItem\",\"position\":1,\"name\":\"Portada\",\"item\":\"https:\/\/lightingspain.com\/blog\/\"},{\"@type\":\"ListItem\",\"position\":2,\"name\":\"Qu\u00e9 es la luz negra ultravioleta y para qu\u00e9 sirve\"}]},{\"@type\":\"WebSite\",\"@id\":\"https:\/\/lightingspain.com\/blog\/#website\",\"url\":\"https:\/\/lightingspain.com\/blog\/\",\"name\":\"Blog lightingspain\",\"description\":\"Otro sitio realizado con WordPress\",\"potentialAction\":[{\"@type\":\"SearchAction\",\"target\":{\"@type\":\"EntryPoint\",\"urlTemplate\":\"https:\/\/lightingspain.com\/blog\/?s={search_term_string}\"},\"query-input\":{\"@type\":\"PropertyValueSpecification\",\"valueRequired\":true,\"valueName\":\"search_term_string\"}}],\"inLanguage\":\"es\"},{\"@type\":\"Person\",\"@id\":\"https:\/\/lightingspain.com\/blog\/#\/schema\/person\/f151c75014f33473ada8d83e3d2c43b7\",\"name\":\"Lightingspain\",\"image\":{\"@type\":\"ImageObject\",\"inLanguage\":\"es\",\"@id\":\"https:\/\/lightingspain.com\/blog\/#\/schema\/person\/image\/\",\"url\":\"https:\/\/secure.gravatar.com\/avatar\/?s=96&d=mm&r=g\",\"contentUrl\":\"https:\/\/secure.gravatar.com\/avatar\/?s=96&d=mm&r=g\",\"caption\":\"Lightingspain\"},\"url\":\"https:\/\/lightingspain.com\/blog\/author\/lightingspain\/\"}]}<\/script>\n<!-- \/ Yoast SEO plugin. -->","yoast_head_json":{"title":"Qu\u00e9 es la luz negra Ultravioleta y para qu\u00e9 sirve | LightingSpain","description":"Todo lo que debes saber sobre la luz negra o luz ultravioleta. \u00bfEs lo mismo? \u00bfPara qu\u00e9 se usa? \u00bfqu\u00e9 efecto produce y c\u00f3mo lo logra? Te contamos todo aqu\u00ed.","robots":{"index":"index","follow":"follow","max-snippet":"max-snippet:-1","max-image-preview":"max-image-preview:large","max-video-preview":"max-video-preview:-1"},"canonical":"https:\/\/lightingspain.com\/blog\/luz-negra-ultravioleta\/","og_locale":"es_ES","og_type":"article","og_title":"Qu\u00e9 es la luz negra Ultravioleta y para qu\u00e9 sirve | LightingSpain","og_description":"Todo lo que debes saber sobre la luz negra o luz ultravioleta. \u00bfEs lo mismo? \u00bfPara qu\u00e9 se usa? \u00bfqu\u00e9 efecto produce y c\u00f3mo lo logra? Te contamos todo aqu\u00ed.","og_url":"https:\/\/lightingspain.com\/blog\/luz-negra-ultravioleta\/","og_site_name":"Blog lightingspain","article_published_time":"2019-12-09T11:38:40+00:00","article_modified_time":"2025-03-20T08:35:02+00:00","og_image":[{"width":499,"height":338,"url":"https:\/\/lightingspain.com\/blog\/wp-content\/uploads\/2019\/12\/luz-negra-ultravioleta-e1742459695615.jpg","type":"image\/jpeg"}],"author":"Lightingspain","twitter_card":"summary_large_image","twitter_misc":{"Escrito por":"Lightingspain","Tiempo de lectura":"4 minutos"},"schema":{"@context":"https:\/\/schema.org","@graph":[{"@type":"WebPage","@id":"https:\/\/lightingspain.com\/blog\/luz-negra-ultravioleta\/","url":"https:\/\/lightingspain.com\/blog\/luz-negra-ultravioleta\/","name":"Qu\u00e9 es la luz negra Ultravioleta y para qu\u00e9 sirve | LightingSpain","isPartOf":{"@id":"https:\/\/lightingspain.com\/blog\/#website"},"primaryImageOfPage":{"@id":"https:\/\/lightingspain.com\/blog\/luz-negra-ultravioleta\/#primaryimage"},"image":{"@id":"https:\/\/lightingspain.com\/blog\/luz-negra-ultravioleta\/#primaryimage"},"thumbnailUrl":"https:\/\/lightingspain.com\/blog\/wp-content\/uploads\/2019\/12\/luz-negra-ultravioleta-e1742459695615.jpg","datePublished":"2019-12-09T11:38:40+00:00","dateModified":"2025-03-20T08:35:02+00:00","author":{"@id":"https:\/\/lightingspain.com\/blog\/#\/schema\/person\/f151c75014f33473ada8d83e3d2c43b7"},"description":"Todo lo que debes saber sobre la luz negra o luz ultravioleta. \u00bfEs lo mismo? \u00bfPara qu\u00e9 se usa? \u00bfqu\u00e9 efecto produce y c\u00f3mo lo logra? Te contamos todo aqu\u00ed.","breadcrumb":{"@id":"https:\/\/lightingspain.com\/blog\/luz-negra-ultravioleta\/#breadcrumb"},"inLanguage":"es","potentialAction":[{"@type":"ReadAction","target":["https:\/\/lightingspain.com\/blog\/luz-negra-ultravioleta\/"]}]},{"@type":"ImageObject","inLanguage":"es","@id":"https:\/\/lightingspain.com\/blog\/luz-negra-ultravioleta\/#primaryimage","url":"https:\/\/lightingspain.com\/blog\/wp-content\/uploads\/2019\/12\/luz-negra-ultravioleta-e1742459695615.jpg","contentUrl":"https:\/\/lightingspain.com\/blog\/wp-content\/uploads\/2019\/12\/luz-negra-ultravioleta-e1742459695615.jpg","width":499,"height":338},{"@type":"BreadcrumbList","@id":"https:\/\/lightingspain.com\/blog\/luz-negra-ultravioleta\/#breadcrumb","itemListElement":[{"@type":"ListItem","position":1,"name":"Portada","item":"https:\/\/lightingspain.com\/blog\/"},{"@type":"ListItem","position":2,"name":"Qu\u00e9 es la luz negra ultravioleta y para qu\u00e9 sirve"}]},{"@type":"WebSite","@id":"https:\/\/lightingspain.com\/blog\/#website","url":"https:\/\/lightingspain.com\/blog\/","name":"Blog lightingspain","description":"Otro sitio realizado con WordPress","potentialAction":[{"@type":"SearchAction","target":{"@type":"EntryPoint","urlTemplate":"https:\/\/lightingspain.com\/blog\/?s={search_term_string}"},"query-input":{"@type":"PropertyValueSpecification","valueRequired":true,"valueName":"search_term_string"}}],"inLanguage":"es"},{"@type":"Person","@id":"https:\/\/lightingspain.com\/blog\/#\/schema\/person\/f151c75014f33473ada8d83e3d2c43b7","name":"Lightingspain","image":{"@type":"ImageObject","inLanguage":"es","@id":"https:\/\/lightingspain.com\/blog\/#\/schema\/person\/image\/","url":"https:\/\/secure.gravatar.com\/avatar\/?s=96&d=mm&r=g","contentUrl":"https:\/\/secure.gravatar.com\/avatar\/?s=96&d=mm&r=g","caption":"Lightingspain"},"url":"https:\/\/lightingspain.com\/blog\/author\/lightingspain\/"}]}},"_links":{"self":[{"href":"https:\/\/lightingspain.com\/blog\/wp-json\/wp\/v2\/posts\/2216"}],"collection":[{"href":"https:\/\/lightingspain.com\/blog\/wp-json\/wp\/v2\/posts"}],"about":[{"href":"https:\/\/lightingspain.com\/blog\/wp-json\/wp\/v2\/types\/post"}],"author":[{"embeddable":true,"href":"https:\/\/lightingspain.com\/blog\/wp-json\/wp\/v2\/users\/2"}],"replies":[{"embeddable":true,"href":"https:\/\/lightingspain.com\/blog\/wp-json\/wp\/v2\/comments?post=2216"}],"version-history":[{"count":7,"href":"https:\/\/lightingspain.com\/blog\/wp-json\/wp\/v2\/posts\/2216\/revisions"}],"predecessor-version":[{"id":5335,"href":"https:\/\/lightingspain.com\/blog\/wp-json\/wp\/v2\/posts\/2216\/revisions\/5335"}],"wp:featuredmedia":[{"embeddable":true,"href":"https:\/\/lightingspain.com\/blog\/wp-json\/wp\/v2\/media\/3234"}],"wp:attachment":[{"href":"https:\/\/lightingspain.com\/blog\/wp-json\/wp\/v2\/media?parent=2216"}],"wp:term":[{"taxonomy":"category","embeddable":true,"href":"https:\/\/lightingspain.com\/blog\/wp-json\/wp\/v2\/categories?post=2216"},{"taxonomy":"post_tag","embeddable":true,"href":"https:\/\/lightingspain.com\/blog\/wp-json\/wp\/v2\/tags?post=2216"}],"curies":[{"name":"wp","href":"https:\/\/api.w.org\/{rel}","templated":true}]}}