{"id":2099,"date":"2024-11-12T16:37:26","date_gmt":"2024-11-12T16:37:26","guid":{"rendered":"http:\/\/lightingspain.com\/wp\/?p=2099"},"modified":"2025-03-17T06:28:20","modified_gmt":"2025-03-17T06:28:20","slug":"iluminacion-peluquerias","status":"publish","type":"post","link":"https:\/\/lightingspain.com\/blog\/iluminacion-peluquerias\/","title":{"rendered":"La mejor iluminaci\u00f3n para peluquer\u00edas y centros de est\u00e9tica"},"content":{"rendered":"<p>Un cambio de look, hidratar por completo nuestra piel o simplemente disfrutar de unos minutos junto a uno mismo. \u00bfSab\u00e9is de qu\u00e9 estamos hablando?<\/p>\n<p>\u00a1Exacto! Tras largas jornadas de trabajo, los centros de est\u00e9tica o salones de belleza se han convertido en el espacio ideal para aquellas personas que buscan cuidarse y mimarse tanto por dentro como por fuera.<\/p>\n<p><a href=\"http:\/\/https:\/\/lightingspain.com\/186362-foco-ajustable-carril-trifasico-creta-mantra.html\"><img loading=\"lazy\" decoding=\"async\" class=\"aligncenter wp-image-5119 size-full\" src=\"https:\/\/lightingspain.com\/blog\/wp-content\/uploads\/2018\/10\/Creta-Mantra-Foco-ajustable-carril.jpg\" alt=\"Creta Mantra Foco ajustable de carril\" width=\"800\" height=\"497\" srcset=\"https:\/\/lightingspain.com\/blog\/wp-content\/uploads\/2018\/10\/Creta-Mantra-Foco-ajustable-carril.jpg 800w, https:\/\/lightingspain.com\/blog\/wp-content\/uploads\/2018\/10\/Creta-Mantra-Foco-ajustable-carril-300x186.jpg 300w, https:\/\/lightingspain.com\/blog\/wp-content\/uploads\/2018\/10\/Creta-Mantra-Foco-ajustable-carril-768x477.jpg 768w, https:\/\/lightingspain.com\/blog\/wp-content\/uploads\/2018\/10\/Creta-Mantra-Foco-ajustable-carril-585x363.jpg 585w\" sizes=\"(max-width: 800px) 100vw, 800px\" \/><\/a><\/p>\n<p><em>Visita el producto en nuestra tienda: <strong><a href=\"https:\/\/lightingspain.com\/186362-foco-ajustable-carril-trifasico-creta-mantra.html\">Foco ajustable, Creta<\/a><\/strong><\/em><\/p>\n<p>Por ello, crear un ambiente especial en este tipo de centros es b\u00e1sico para que los clientes puedan sentirse c\u00f3modos, a gusto y pr\u00e1cticamente como en casa. Una buena forma de conseguir esto es a trav\u00e9s de la iluminaci\u00f3n y como no pod\u00eda ser de otra manera, nosotros queremos contaros c\u00f3mo.<\/p>\n<p>Tras el \u00e9xito de nuestro post <a href=\"https:\/\/lightingspain.com\/blog\/ideas-iluminacion-hoteles\/\"><strong>10 ideas de iluminaci\u00f3n para hoteles<\/strong><\/a>, es el momento de daros unos peque\u00f1os tips sobre cu\u00e1les son las luces recomendadas para una peluquer\u00eda y c\u00f3mo conseguir la mejor iluminaci\u00f3n para cualquier sal\u00f3n de belleza.<\/p>\n<p><a href=\"https:\/\/lightingspain.com\/\"><img loading=\"lazy\" decoding=\"async\" class=\"aligncenter size-full wp-image-3314\" src=\"https:\/\/lightingspain.com\/blog\/wp-content\/uploads\/2021\/09\/Te-regalamos-10-\u20ac-en-tu-primer-pedido-1.png\" alt=\"Oferta especial lamparas cupon descuento\" width=\"2000\" height=\"1000\" srcset=\"https:\/\/lightingspain.com\/blog\/wp-content\/uploads\/2021\/09\/Te-regalamos-10-\u20ac-en-tu-primer-pedido-1.png 2000w, https:\/\/lightingspain.com\/blog\/wp-content\/uploads\/2021\/09\/Te-regalamos-10-\u20ac-en-tu-primer-pedido-1-300x150.png 300w, https:\/\/lightingspain.com\/blog\/wp-content\/uploads\/2021\/09\/Te-regalamos-10-\u20ac-en-tu-primer-pedido-1-1024x512.png 1024w, https:\/\/lightingspain.com\/blog\/wp-content\/uploads\/2021\/09\/Te-regalamos-10-\u20ac-en-tu-primer-pedido-1-768x384.png 768w, https:\/\/lightingspain.com\/blog\/wp-content\/uploads\/2021\/09\/Te-regalamos-10-\u20ac-en-tu-primer-pedido-1-1536x768.png 1536w, https:\/\/lightingspain.com\/blog\/wp-content\/uploads\/2021\/09\/Te-regalamos-10-\u20ac-en-tu-primer-pedido-1-1920x960.png 1920w, https:\/\/lightingspain.com\/blog\/wp-content\/uploads\/2021\/09\/Te-regalamos-10-\u20ac-en-tu-primer-pedido-1-1170x585.png 1170w, https:\/\/lightingspain.com\/blog\/wp-content\/uploads\/2021\/09\/Te-regalamos-10-\u20ac-en-tu-primer-pedido-1-585x293.png 585w\" sizes=\"(max-width: 2000px) 100vw, 2000px\" \/><\/a><\/p>\n<h2><strong>\u00a1Luces, c\u00e1mara y acci\u00f3n! Iluminaci\u00f3n para peluquer\u00edas <\/strong><\/h2>\n<p>La iluminaci\u00f3n ha dejado de ser un simple complemento m\u00e1s para convertirse en uno de los factores claves en decoraci\u00f3n de cualquier espacio que se precie y m\u00e1s si hablamos de salones de belleza.<\/p>\n<p>La elecci\u00f3n de una buena iluminaci\u00f3n en peluquer\u00eda es clave para fomentar el bienestar del cliente, ayudar a los profesionales est\u00e9ticos en la realizaci\u00f3n de su actividad diaria y, por supuesto, crear un clima agradable que incite a los posibles clientes potenciales.<\/p>\n<p>Evitar las sombras, los deslumbramientos o las posibles distorsiones de color son solo algunas de las cosas a tener en cuenta para conseguir una impecable iluminaci\u00f3n.<\/p>\n<p><a href=\"https:\/\/lightingspain.com\/eu\/173219-track-spot-picolo-led-switch.html\"><img loading=\"lazy\" decoding=\"async\" class=\"aligncenter size-full wp-image-4102\" src=\"https:\/\/lightingspain.com\/blog\/wp-content\/uploads\/2019\/04\/picolo-lampara-de-carril-de-techo-negro-luz-blanca.jpg\" alt=\"\" width=\"800\" height=\"633\" srcset=\"https:\/\/lightingspain.com\/blog\/wp-content\/uploads\/2019\/04\/picolo-lampara-de-carril-de-techo-negro-luz-blanca.jpg 800w, https:\/\/lightingspain.com\/blog\/wp-content\/uploads\/2019\/04\/picolo-lampara-de-carril-de-techo-negro-luz-blanca-300x237.jpg 300w, https:\/\/lightingspain.com\/blog\/wp-content\/uploads\/2019\/04\/picolo-lampara-de-carril-de-techo-negro-luz-blanca-768x608.jpg 768w, https:\/\/lightingspain.com\/blog\/wp-content\/uploads\/2019\/04\/picolo-lampara-de-carril-de-techo-negro-luz-blanca-585x463.jpg 585w\" sizes=\"(max-width: 800px) 100vw, 800px\" \/><\/a><\/p>\n<p><em>Visita el producto en nuestra tienda: <a href=\"https:\/\/lightingspain.com\/eu\/173219-track-spot-picolo-led-switch.html\"><strong>Proyector de superficie, Picolo<\/strong><\/a><\/em><\/p>\n<h3>Vida m\u00e1s all\u00e1 de la iluminaci\u00f3n general del techo<\/h3>\n<p>Hay dos palabras que se deben grabar a fuego cuando hablamos de iluminaci\u00f3n para peluquer\u00edas: directa e indirecta.<\/p>\n<p>Una buena forma de crear ambientes agradables es a trav\u00e9s de una correcta combinaci\u00f3n de luminarias que nos ayuden a una perfecta iluminaci\u00f3n general, como son las downlights, junto a una iluminaci\u00f3n puntual, como los aros o cardan.<\/p>\n<p>\u00c9stos \u00faltimos ser\u00e1n los encargados de evitar la aparici\u00f3n de sombras y a su vez suavizar las posibles facciones en el rostro del paciente. En la mayor\u00eda de las peluquer\u00edas son utilizadas en las zonas del lavado o del tocador.<\/p>\n<p><a href=\"https:\/\/lightingspain.com\/180981-tram-5-beneito-faure-empotrable-de-techo.html?refSrc=178131&amp;nosto=nosto-page-product3\"><img loading=\"lazy\" decoding=\"async\" class=\"aligncenter wp-image-4510 size-full\" src=\"https:\/\/lightingspain.com\/blog\/wp-content\/uploads\/2019\/11\/Tram-Beneito-Foco-empotrable.jpg\" alt=\"Tram 5 Beneito &amp; Faure Empotrable de techo\" width=\"800\" height=\"487\" srcset=\"https:\/\/lightingspain.com\/blog\/wp-content\/uploads\/2019\/11\/Tram-Beneito-Foco-empotrable.jpg 800w, https:\/\/lightingspain.com\/blog\/wp-content\/uploads\/2019\/11\/Tram-Beneito-Foco-empotrable-300x183.jpg 300w, https:\/\/lightingspain.com\/blog\/wp-content\/uploads\/2019\/11\/Tram-Beneito-Foco-empotrable-768x468.jpg 768w, https:\/\/lightingspain.com\/blog\/wp-content\/uploads\/2019\/11\/Tram-Beneito-Foco-empotrable-585x356.jpg 585w\" sizes=\"(max-width: 800px) 100vw, 800px\" \/><\/a><\/p>\n<p><em>Visita el producto en nuestra tienda: <a href=\"https:\/\/lightingspain.com\/180981-tram-5-beneito-faure-empotrable-de-techo.html?refSrc=178131&amp;nosto=nosto-page-product3\"><strong>Empotrable de techo, Tram 5<\/strong><\/a><\/em><\/p>\n<div class=\"row\">\n<p>[dp_product id=180971 type=a domain=0 name=\u00bbFoco de carril, Lena\u00bb description=\u00bbhttps:\/\/lightingspain.com\/180971-698763-lena-beneito-faure-foco-de-carril-trifasico.html#\/36-color-negro\u00bb button=\u00bbVer producto\u00bb with_taxes=1 with_price=1 ][dp_product id=34295 type=a domain=0 name=\u00bbProyector de techo, Hidra\u00bb description=\u00bbhttps:\/\/lightingspain.com\/34295-8313-led-white-aluminum-spotlight-in-3-finishes-3000k-hidra-indeluz-novolux.html#\/68-acabado-plata\u00bb button=\u00bbVer producto\u00bb with_taxes=1 with_price=1 ][dp_product id=178969 type=a domain=0 name=\u00bbEmpotrable de techo, Tango\u00bb description=\u00bbhttps:\/\/lightingspain.com\/178969-673407-lampara-de-techo-empotrable-tango-acb-aluminio-blanco-led-3000k.html#\/35-color-blanco\/1675-n_lamparas_brazos-5&#8243; button=\u00bbVer producto\u00bb with_taxes=1 with_price=1 ][dp_product id=179644 type=a domain=0 name=\u00bbFoco de techo, Noon\u00bb description=\u00bbhttps:\/\/lightingspain.com\/179644-regleta-de-techo-noon-aromas-lampara-con-3-focos-gu10-led-3000k-regulable-triac.html\u00bb button=\u00bbVer producto\u00bb with_taxes=1 with_price=1 ]<\/p>\n<div><\/div>\n<\/div>\n<h3>Cu\u00e1ntos m\u00e1s puntos de luz, \u00a1Mejor!<\/h3>\n<p>Utilizar m\u00e1s de un punto de luz para luminar los distintos puestos de trabajo ayudar\u00e1 a que el profesional est\u00e9tico pueda mejorar por completo la visibilidad de sus tareas.<\/p>\n<p>El <a href=\"https:\/\/lightingspain.com\/blog\/escoger-bombillas\/\"><strong>uso de luminarias LED<\/strong><\/a> es una buena opci\u00f3n para estos puntos de luz. Adem\u00e1s de reducir el consumo de energ\u00eda frente a otro tipo de bombillas, permite olvidarnos de la aparici\u00f3n de sombras y posibles parpadeos.<\/p>\n<p>Adem\u00e1s nos ayudar\u00e1n a crear esta temperatura de color neutra y c\u00e1lida tan ideal para estos espacios.<\/p>\n<p><a href=\"https:\/\/lightingspain.com\/179644-regleta-de-techo-noon-aromas-lampara-con-3-focos-gu10-led-3000k-regulable-triac.html\"><img loading=\"lazy\" decoding=\"async\" class=\"aligncenter size-full wp-image-4015\" src=\"https:\/\/lightingspain.com\/blog\/wp-content\/uploads\/2019\/11\/Noon_ambiente-2_foco-proyector-de-techo-negro-regulable-triac-lampara-para-negocios-led-3000k-aromas.jpg\" alt=\"\" width=\"800\" height=\"591\" srcset=\"https:\/\/lightingspain.com\/blog\/wp-content\/uploads\/2019\/11\/Noon_ambiente-2_foco-proyector-de-techo-negro-regulable-triac-lampara-para-negocios-led-3000k-aromas.jpg 800w, https:\/\/lightingspain.com\/blog\/wp-content\/uploads\/2019\/11\/Noon_ambiente-2_foco-proyector-de-techo-negro-regulable-triac-lampara-para-negocios-led-3000k-aromas-300x222.jpg 300w, https:\/\/lightingspain.com\/blog\/wp-content\/uploads\/2019\/11\/Noon_ambiente-2_foco-proyector-de-techo-negro-regulable-triac-lampara-para-negocios-led-3000k-aromas-768x567.jpg 768w, https:\/\/lightingspain.com\/blog\/wp-content\/uploads\/2019\/11\/Noon_ambiente-2_foco-proyector-de-techo-negro-regulable-triac-lampara-para-negocios-led-3000k-aromas-585x432.jpg 585w\" sizes=\"(max-width: 800px) 100vw, 800px\" \/><\/a><\/p>\n<p><em>Visita el producto en nuestra tienda: <a href=\"https:\/\/lightingspain.com\/179644-regleta-de-techo-noon-aromas-lampara-con-3-focos-gu10-led-3000k-regulable-triac.html\"><strong>Foco de techo, Noon<\/strong><\/a><\/em><\/p>\n<h3>Estudiar con todo detalle nuestro espacio<\/h3>\n<p>Si hay algo que no debemos olvidar previamente es estudiar por completo el mobiliario, la arquitectura del lugar y, por supuesto, el estilismo y toque que queremos dar al espacio.<\/p>\n<p>\u00a1Descubre todos nuestros focos downlights <a href=\"https:\/\/lightingspain.com\/260-empotrables-downlights\" target=\"_blank\" rel=\"noopener noreferrer\">aqu\u00ed<\/a>!<\/p>\n<p><a href=\"https:\/\/lightingspain.com\/\"><img loading=\"lazy\" decoding=\"async\" class=\"aligncenter size-medium wp-image-2999\" src=\"https:\/\/lightingspain.com\/blog\/wp-content\/uploads\/2019\/07\/LightingSpain-2-300x73.jpg\" alt=\"\" width=\"300\" height=\"73\" srcset=\"https:\/\/lightingspain.com\/blog\/wp-content\/uploads\/2019\/07\/LightingSpain-2-300x73.jpg 300w, https:\/\/lightingspain.com\/blog\/wp-content\/uploads\/2019\/07\/LightingSpain-2-768x188.jpg 768w, https:\/\/lightingspain.com\/blog\/wp-content\/uploads\/2019\/07\/LightingSpain-2-585x143.jpg 585w, https:\/\/lightingspain.com\/blog\/wp-content\/uploads\/2019\/07\/LightingSpain-2.jpg 1024w\" sizes=\"(max-width: 300px) 100vw, 300px\" \/><\/a><\/p>\n","protected":false},"excerpt":{"rendered":"<p>Un cambio de look, hidratar por completo nuestra piel o simplemente disfrutar de unos minutos junto a uno mismo. \u00bfSab\u00e9is de qu\u00e9 estamos hablando?&hellip;<\/p>\n","protected":false},"author":2,"featured_media":4513,"comment_status":"open","ping_status":"closed","sticky":false,"template":"","format":"image","meta":{"footnotes":""},"categories":[14],"tags":[],"class_list":["post-2099","post","type-post","status-publish","format-image","has-post-thumbnail","hentry","category-ideas","post_format-post-format-image"],"yoast_head":"<!-- This site is optimized with the Yoast SEO plugin v23.4 - https:\/\/yoast.com\/wordpress\/plugins\/seo\/ -->\n<title>C\u00f3mo conseguir la mejor iluminaci\u00f3n para peluquer\u00edas | LightingSpain<\/title>\n<meta name=\"description\" content=\"Descubre c\u00f3mo conseguir la iluminaci\u00f3n para peluquer\u00edas perfecta y c\u00f3mo iluminar cualquier sal\u00f3n de belleza o est\u00e9tica con las mejores luces.\" \/>\n<meta name=\"robots\" content=\"index, follow, max-snippet:-1, max-image-preview:large, max-video-preview:-1\" \/>\n<link rel=\"canonical\" href=\"https:\/\/lightingspain.com\/blog\/iluminacion-peluquerias\/\" \/>\n<meta property=\"og:locale\" content=\"es_ES\" \/>\n<meta property=\"og:type\" content=\"article\" \/>\n<meta property=\"og:title\" content=\"C\u00f3mo conseguir la mejor iluminaci\u00f3n para peluquer\u00edas | LightingSpain\" \/>\n<meta property=\"og:description\" content=\"Descubre c\u00f3mo conseguir la iluminaci\u00f3n para peluquer\u00edas perfecta y c\u00f3mo iluminar cualquier sal\u00f3n de belleza o est\u00e9tica con las mejores luces.\" \/>\n<meta property=\"og:url\" content=\"https:\/\/lightingspain.com\/blog\/iluminacion-peluquerias\/\" \/>\n<meta property=\"og:site_name\" content=\"Blog lightingspain\" \/>\n<meta property=\"article:published_time\" content=\"2024-11-12T16:37:26+00:00\" \/>\n<meta property=\"article:modified_time\" content=\"2025-03-17T06:28:20+00:00\" \/>\n<meta property=\"og:image\" content=\"https:\/\/lightingspain.com\/blog\/wp-content\/uploads\/2019\/11\/peluqueria-portada.jpg\" \/>\n\t<meta property=\"og:image:width\" content=\"500\" \/>\n\t<meta property=\"og:image:height\" content=\"314\" \/>\n\t<meta property=\"og:image:type\" content=\"image\/jpeg\" \/>\n<meta name=\"author\" content=\"Lightingspain\" \/>\n<meta name=\"twitter:card\" content=\"summary_large_image\" \/>\n<meta name=\"twitter:label1\" content=\"Escrito por\" \/>\n\t<meta name=\"twitter:data1\" content=\"Lightingspain\" \/>\n\t<meta name=\"twitter:label2\" content=\"Tiempo de lectura\" \/>\n\t<meta name=\"twitter:data2\" content=\"5 minutos\" \/>\n<script type=\"application\/ld+json\" class=\"yoast-schema-graph\">{\"@context\":\"https:\/\/schema.org\",\"@graph\":[{\"@type\":\"WebPage\",\"@id\":\"https:\/\/lightingspain.com\/blog\/iluminacion-peluquerias\/\",\"url\":\"https:\/\/lightingspain.com\/blog\/iluminacion-peluquerias\/\",\"name\":\"C\u00f3mo conseguir la mejor iluminaci\u00f3n para peluquer\u00edas | LightingSpain\",\"isPartOf\":{\"@id\":\"https:\/\/lightingspain.com\/blog\/#website\"},\"primaryImageOfPage\":{\"@id\":\"https:\/\/lightingspain.com\/blog\/iluminacion-peluquerias\/#primaryimage\"},\"image\":{\"@id\":\"https:\/\/lightingspain.com\/blog\/iluminacion-peluquerias\/#primaryimage\"},\"thumbnailUrl\":\"https:\/\/lightingspain.com\/blog\/wp-content\/uploads\/2019\/11\/peluqueria-portada.jpg\",\"datePublished\":\"2024-11-12T16:37:26+00:00\",\"dateModified\":\"2025-03-17T06:28:20+00:00\",\"author\":{\"@id\":\"https:\/\/lightingspain.com\/blog\/#\/schema\/person\/f151c75014f33473ada8d83e3d2c43b7\"},\"description\":\"Descubre c\u00f3mo conseguir la iluminaci\u00f3n para peluquer\u00edas perfecta y c\u00f3mo iluminar cualquier sal\u00f3n de belleza o est\u00e9tica con las mejores luces.\",\"breadcrumb\":{\"@id\":\"https:\/\/lightingspain.com\/blog\/iluminacion-peluquerias\/#breadcrumb\"},\"inLanguage\":\"es\",\"potentialAction\":[{\"@type\":\"ReadAction\",\"target\":[\"https:\/\/lightingspain.com\/blog\/iluminacion-peluquerias\/\"]}]},{\"@type\":\"ImageObject\",\"inLanguage\":\"es\",\"@id\":\"https:\/\/lightingspain.com\/blog\/iluminacion-peluquerias\/#primaryimage\",\"url\":\"https:\/\/lightingspain.com\/blog\/wp-content\/uploads\/2019\/11\/peluqueria-portada.jpg\",\"contentUrl\":\"https:\/\/lightingspain.com\/blog\/wp-content\/uploads\/2019\/11\/peluqueria-portada.jpg\",\"width\":500,\"height\":314},{\"@type\":\"BreadcrumbList\",\"@id\":\"https:\/\/lightingspain.com\/blog\/iluminacion-peluquerias\/#breadcrumb\",\"itemListElement\":[{\"@type\":\"ListItem\",\"position\":1,\"name\":\"Portada\",\"item\":\"https:\/\/lightingspain.com\/blog\/\"},{\"@type\":\"ListItem\",\"position\":2,\"name\":\"La mejor iluminaci\u00f3n para peluquer\u00edas y centros de est\u00e9tica\"}]},{\"@type\":\"WebSite\",\"@id\":\"https:\/\/lightingspain.com\/blog\/#website\",\"url\":\"https:\/\/lightingspain.com\/blog\/\",\"name\":\"Blog lightingspain\",\"description\":\"Otro sitio realizado con WordPress\",\"potentialAction\":[{\"@type\":\"SearchAction\",\"target\":{\"@type\":\"EntryPoint\",\"urlTemplate\":\"https:\/\/lightingspain.com\/blog\/?s={search_term_string}\"},\"query-input\":{\"@type\":\"PropertyValueSpecification\",\"valueRequired\":true,\"valueName\":\"search_term_string\"}}],\"inLanguage\":\"es\"},{\"@type\":\"Person\",\"@id\":\"https:\/\/lightingspain.com\/blog\/#\/schema\/person\/f151c75014f33473ada8d83e3d2c43b7\",\"name\":\"Lightingspain\",\"image\":{\"@type\":\"ImageObject\",\"inLanguage\":\"es\",\"@id\":\"https:\/\/lightingspain.com\/blog\/#\/schema\/person\/image\/\",\"url\":\"https:\/\/secure.gravatar.com\/avatar\/?s=96&d=mm&r=g\",\"contentUrl\":\"https:\/\/secure.gravatar.com\/avatar\/?s=96&d=mm&r=g\",\"caption\":\"Lightingspain\"},\"url\":\"https:\/\/lightingspain.com\/blog\/author\/lightingspain\/\"}]}<\/script>\n<!-- \/ Yoast SEO plugin. -->","yoast_head_json":{"title":"C\u00f3mo conseguir la mejor iluminaci\u00f3n para peluquer\u00edas | LightingSpain","description":"Descubre c\u00f3mo conseguir la iluminaci\u00f3n para peluquer\u00edas perfecta y c\u00f3mo iluminar cualquier sal\u00f3n de belleza o est\u00e9tica con las mejores luces.","robots":{"index":"index","follow":"follow","max-snippet":"max-snippet:-1","max-image-preview":"max-image-preview:large","max-video-preview":"max-video-preview:-1"},"canonical":"https:\/\/lightingspain.com\/blog\/iluminacion-peluquerias\/","og_locale":"es_ES","og_type":"article","og_title":"C\u00f3mo conseguir la mejor iluminaci\u00f3n para peluquer\u00edas | LightingSpain","og_description":"Descubre c\u00f3mo conseguir la iluminaci\u00f3n para peluquer\u00edas perfecta y c\u00f3mo iluminar cualquier sal\u00f3n de belleza o est\u00e9tica con las mejores luces.","og_url":"https:\/\/lightingspain.com\/blog\/iluminacion-peluquerias\/","og_site_name":"Blog lightingspain","article_published_time":"2024-11-12T16:37:26+00:00","article_modified_time":"2025-03-17T06:28:20+00:00","og_image":[{"width":500,"height":314,"url":"https:\/\/lightingspain.com\/blog\/wp-content\/uploads\/2019\/11\/peluqueria-portada.jpg","type":"image\/jpeg"}],"author":"Lightingspain","twitter_card":"summary_large_image","twitter_misc":{"Escrito por":"Lightingspain","Tiempo de lectura":"5 minutos"},"schema":{"@context":"https:\/\/schema.org","@graph":[{"@type":"WebPage","@id":"https:\/\/lightingspain.com\/blog\/iluminacion-peluquerias\/","url":"https:\/\/lightingspain.com\/blog\/iluminacion-peluquerias\/","name":"C\u00f3mo conseguir la mejor iluminaci\u00f3n para peluquer\u00edas | LightingSpain","isPartOf":{"@id":"https:\/\/lightingspain.com\/blog\/#website"},"primaryImageOfPage":{"@id":"https:\/\/lightingspain.com\/blog\/iluminacion-peluquerias\/#primaryimage"},"image":{"@id":"https:\/\/lightingspain.com\/blog\/iluminacion-peluquerias\/#primaryimage"},"thumbnailUrl":"https:\/\/lightingspain.com\/blog\/wp-content\/uploads\/2019\/11\/peluqueria-portada.jpg","datePublished":"2024-11-12T16:37:26+00:00","dateModified":"2025-03-17T06:28:20+00:00","author":{"@id":"https:\/\/lightingspain.com\/blog\/#\/schema\/person\/f151c75014f33473ada8d83e3d2c43b7"},"description":"Descubre c\u00f3mo conseguir la iluminaci\u00f3n para peluquer\u00edas perfecta y c\u00f3mo iluminar cualquier sal\u00f3n de belleza o est\u00e9tica con las mejores luces.","breadcrumb":{"@id":"https:\/\/lightingspain.com\/blog\/iluminacion-peluquerias\/#breadcrumb"},"inLanguage":"es","potentialAction":[{"@type":"ReadAction","target":["https:\/\/lightingspain.com\/blog\/iluminacion-peluquerias\/"]}]},{"@type":"ImageObject","inLanguage":"es","@id":"https:\/\/lightingspain.com\/blog\/iluminacion-peluquerias\/#primaryimage","url":"https:\/\/lightingspain.com\/blog\/wp-content\/uploads\/2019\/11\/peluqueria-portada.jpg","contentUrl":"https:\/\/lightingspain.com\/blog\/wp-content\/uploads\/2019\/11\/peluqueria-portada.jpg","width":500,"height":314},{"@type":"BreadcrumbList","@id":"https:\/\/lightingspain.com\/blog\/iluminacion-peluquerias\/#breadcrumb","itemListElement":[{"@type":"ListItem","position":1,"name":"Portada","item":"https:\/\/lightingspain.com\/blog\/"},{"@type":"ListItem","position":2,"name":"La mejor iluminaci\u00f3n para peluquer\u00edas y centros de est\u00e9tica"}]},{"@type":"WebSite","@id":"https:\/\/lightingspain.com\/blog\/#website","url":"https:\/\/lightingspain.com\/blog\/","name":"Blog lightingspain","description":"Otro sitio realizado con WordPress","potentialAction":[{"@type":"SearchAction","target":{"@type":"EntryPoint","urlTemplate":"https:\/\/lightingspain.com\/blog\/?s={search_term_string}"},"query-input":{"@type":"PropertyValueSpecification","valueRequired":true,"valueName":"search_term_string"}}],"inLanguage":"es"},{"@type":"Person","@id":"https:\/\/lightingspain.com\/blog\/#\/schema\/person\/f151c75014f33473ada8d83e3d2c43b7","name":"Lightingspain","image":{"@type":"ImageObject","inLanguage":"es","@id":"https:\/\/lightingspain.com\/blog\/#\/schema\/person\/image\/","url":"https:\/\/secure.gravatar.com\/avatar\/?s=96&d=mm&r=g","contentUrl":"https:\/\/secure.gravatar.com\/avatar\/?s=96&d=mm&r=g","caption":"Lightingspain"},"url":"https:\/\/lightingspain.com\/blog\/author\/lightingspain\/"}]}},"_links":{"self":[{"href":"https:\/\/lightingspain.com\/blog\/wp-json\/wp\/v2\/posts\/2099"}],"collection":[{"href":"https:\/\/lightingspain.com\/blog\/wp-json\/wp\/v2\/posts"}],"about":[{"href":"https:\/\/lightingspain.com\/blog\/wp-json\/wp\/v2\/types\/post"}],"author":[{"embeddable":true,"href":"https:\/\/lightingspain.com\/blog\/wp-json\/wp\/v2\/users\/2"}],"replies":[{"embeddable":true,"href":"https:\/\/lightingspain.com\/blog\/wp-json\/wp\/v2\/comments?post=2099"}],"version-history":[{"count":9,"href":"https:\/\/lightingspain.com\/blog\/wp-json\/wp\/v2\/posts\/2099\/revisions"}],"predecessor-version":[{"id":5285,"href":"https:\/\/lightingspain.com\/blog\/wp-json\/wp\/v2\/posts\/2099\/revisions\/5285"}],"wp:featuredmedia":[{"embeddable":true,"href":"https:\/\/lightingspain.com\/blog\/wp-json\/wp\/v2\/media\/4513"}],"wp:attachment":[{"href":"https:\/\/lightingspain.com\/blog\/wp-json\/wp\/v2\/media?parent=2099"}],"wp:term":[{"taxonomy":"category","embeddable":true,"href":"https:\/\/lightingspain.com\/blog\/wp-json\/wp\/v2\/categories?post=2099"},{"taxonomy":"post_tag","embeddable":true,"href":"https:\/\/lightingspain.com\/blog\/wp-json\/wp\/v2\/tags?post=2099"}],"curies":[{"name":"wp","href":"https:\/\/api.w.org\/{rel}","templated":true}]}}