{"id":1471,"date":"2024-06-13T11:45:20","date_gmt":"2024-06-13T11:45:20","guid":{"rendered":"https:\/\/lightingspain.com\/es\/blog\/?p=1471"},"modified":"2025-03-20T08:39:36","modified_gmt":"2025-03-20T08:39:36","slug":"trucos-ahorrar-luz-verano","status":"publish","type":"post","link":"https:\/\/lightingspain.com\/blog\/trucos-ahorrar-luz-verano\/","title":{"rendered":"Trucos para ahorrar luz en verano"},"content":{"rendered":"<p>El verano es la mejor \u00e9poca del a\u00f1o para ahorrar en el consumo de luz. Aunque las temperaturas se eleven y vivir dentro de casa nos parezca imposible sin el aire acondicionada, existen multitud de trucos para reducir el consumo energ\u00e9tico durante los meses de calor y lo mejor, <a href=\"https:\/\/lightingspain.com\/blog\/entender-factura-luz\/\">bajar el precio de la factura de la luz.<\/a><\/p>\n<p><!--more--><\/p>\n<p>Seguro que est\u00e1s pensando que es imposible y que lo que ahorramos en calefacci\u00f3n lo gastamos en no pasar calor pero no es as\u00ed.<\/p>\n<p>Desde <a href=\"https:\/\/lightingspain.com\/\">Lighting Spain<\/a> os proponemos unos<strong> peque\u00f1os trucos para ahorrar luz<\/strong> en verano sin morir ante las elevadas temperaturas.<\/p>\n<p><a href=\"http:\/\/lightingspain.com\"><img loading=\"lazy\" decoding=\"async\" class=\"aligncenter size-full wp-image-3314\" src=\"https:\/\/lightingspain.com\/blog\/wp-content\/uploads\/2021\/09\/Te-regalamos-10-\u20ac-en-tu-primer-pedido-1.png\" alt=\"Oferta especial lamparas cupon descuento\" width=\"2000\" height=\"1000\" srcset=\"https:\/\/lightingspain.com\/blog\/wp-content\/uploads\/2021\/09\/Te-regalamos-10-\u20ac-en-tu-primer-pedido-1.png 2000w, https:\/\/lightingspain.com\/blog\/wp-content\/uploads\/2021\/09\/Te-regalamos-10-\u20ac-en-tu-primer-pedido-1-300x150.png 300w, https:\/\/lightingspain.com\/blog\/wp-content\/uploads\/2021\/09\/Te-regalamos-10-\u20ac-en-tu-primer-pedido-1-1024x512.png 1024w, https:\/\/lightingspain.com\/blog\/wp-content\/uploads\/2021\/09\/Te-regalamos-10-\u20ac-en-tu-primer-pedido-1-768x384.png 768w, https:\/\/lightingspain.com\/blog\/wp-content\/uploads\/2021\/09\/Te-regalamos-10-\u20ac-en-tu-primer-pedido-1-1536x768.png 1536w, https:\/\/lightingspain.com\/blog\/wp-content\/uploads\/2021\/09\/Te-regalamos-10-\u20ac-en-tu-primer-pedido-1-1920x960.png 1920w, https:\/\/lightingspain.com\/blog\/wp-content\/uploads\/2021\/09\/Te-regalamos-10-\u20ac-en-tu-primer-pedido-1-1170x585.png 1170w, https:\/\/lightingspain.com\/blog\/wp-content\/uploads\/2021\/09\/Te-regalamos-10-\u20ac-en-tu-primer-pedido-1-585x293.png 585w\" sizes=\"(max-width: 2000px) 100vw, 2000px\" \/><\/a><\/p>\n<h2><strong>En verano, \u00a1S\u00ed se puede ahorrar luz! <\/strong><\/h2>\n<p>Es cierto que no existe una f\u00f3rmula m\u00e1gica para conseguir gastar menos electricidad, pero con unos peque\u00f1os <strong>cambios de h\u00e1bitos durante los meses de verano<\/strong> os aseguramos que <strong>se podr\u00e1 <a href=\"https:\/\/lightingspain.com\/blog\/como-ahorrar-luz-ayudando-al-planeta\/\">ahorrar luz<\/a><\/strong> en el hogar durante los meses m\u00e1s calurosos del a\u00f1o.<\/p>\n<h2><strong>Aprovechar al m\u00e1ximo las horas de luz natural<\/strong><\/h2>\n<p>Si hay algo que nos fascina del verano es la gran cantidad de horas de luz que tenemos. Para estudiar o leer un libro no ser\u00e1 necesario leer siempre la luz, ya que en muchas ocasiones hasta las 22h sigue entrando la luz natural.<\/p>\n<p>Esto quiere decir que <strong>encenderemos menos la luz artificial<\/strong>, por lo que nuestro gasto se ver\u00e1 reducido en un gran porcentaje.<\/p>\n<p><a href=\"https:\/\/lightingspain.com\/188687-lampara-de-suspension-maui-schuller-8435435338848.html\"><img loading=\"lazy\" decoding=\"async\" class=\"size-full wp-image-4757\" src=\"https:\/\/lightingspain.com\/blog\/wp-content\/uploads\/2019\/06\/schuller-lamapra-suspension-maui.jpg\" alt=\"\" width=\"800\" height=\"600\" srcset=\"https:\/\/lightingspain.com\/blog\/wp-content\/uploads\/2019\/06\/schuller-lamapra-suspension-maui.jpg 800w, https:\/\/lightingspain.com\/blog\/wp-content\/uploads\/2019\/06\/schuller-lamapra-suspension-maui-300x225.jpg 300w, https:\/\/lightingspain.com\/blog\/wp-content\/uploads\/2019\/06\/schuller-lamapra-suspension-maui-768x576.jpg 768w, https:\/\/lightingspain.com\/blog\/wp-content\/uploads\/2019\/06\/schuller-lamapra-suspension-maui-585x439.jpg 585w\" sizes=\"(max-width: 800px) 100vw, 800px\" \/><\/a><\/p>\n<p><em>Visita el producto en nuestra tienda:<strong><a href=\"https:\/\/lightingspain.com\/188687-lampara-de-suspension-maui-schuller-8435435338848.html\"> L\u00e1mpara suspensi\u00f3n, Maui<\/a><\/strong><\/em><\/p>\n<h2><strong>Consumo de bombillas LED<\/strong><\/h2>\n<p>Sab\u00edas que el 4% del consumo total de luz del hogar viene de las bombilllas y de los flexos. Una buena forma de reducir este consumo es cambi\u00e1ndolas por LED o lo que es lo mismo, bombillas de bajo consumo.<\/p>\n<p>Esta comprobado que <strong>supone una reducci\u00f3n de hasta el 80% del gasto energ\u00e9tico<\/strong> de cualquier vivienda, adem\u00e1s de mejorar la duraci\u00f3n de vida de este tipo de luces, hasta 10 veces m\u00e1s que las tradicionales.<\/p>\n<p><a href=\"https:\/\/lightingspain.com\/73880-bombilla-esferica-filamento-led-f-4w-e14-e27-transparente-y-mate-alg.html\"><img loading=\"lazy\" decoding=\"async\" class=\"aligncenter size-full wp-image-4758\" src=\"https:\/\/lightingspain.com\/blog\/wp-content\/uploads\/2019\/06\/bombilla-esferica-filamento-led-f-4w-e14-e27-transparente-y-mate-alg.jpg\" alt=\"\" width=\"800\" height=\"993\" srcset=\"https:\/\/lightingspain.com\/blog\/wp-content\/uploads\/2019\/06\/bombilla-esferica-filamento-led-f-4w-e14-e27-transparente-y-mate-alg.jpg 800w, https:\/\/lightingspain.com\/blog\/wp-content\/uploads\/2019\/06\/bombilla-esferica-filamento-led-f-4w-e14-e27-transparente-y-mate-alg-242x300.jpg 242w, https:\/\/lightingspain.com\/blog\/wp-content\/uploads\/2019\/06\/bombilla-esferica-filamento-led-f-4w-e14-e27-transparente-y-mate-alg-768x953.jpg 768w, https:\/\/lightingspain.com\/blog\/wp-content\/uploads\/2019\/06\/bombilla-esferica-filamento-led-f-4w-e14-e27-transparente-y-mate-alg-585x726.jpg 585w\" sizes=\"(max-width: 800px) 100vw, 800px\" \/><\/a><\/p>\n<p><em>Visita el producto en nuestra tienda: <strong><a href=\"https:\/\/lightingspain.com\/73880-bombilla-esferica-filamento-led-f-4w-e14-e27-transparente-y-mate-alg.html\">Bombilla esf\u00e9rica LED, ALG<\/a><\/strong><\/em><\/p>\n<h2><strong>Colocar estrat\u00e9gicamente el aire acondicionado<\/strong><\/h2>\n<p>Las zonas de sombra y bien ventiladas son las mejores opciones para colocar nuestros aparatos de aire acondicionado.<\/p>\n<p>Es importante que <strong>en esa \u00e1rea no se reciba calor de ninguna fuente directa<\/strong>, ya que si se calientan necesitar\u00e1n gastar el doble de energ\u00eda para poder enfriar, lo que viene siendo un aumento del consumo y un disparo del gasto en la factura.<\/p>\n<p>Por mucho calor que haga es importante mantener la temperatura entre 24\u00baC y 26\u00baC, apag\u00e1ndolo siempre cuando la temperatura haya bajado.<\/p>\n<p><img loading=\"lazy\" decoding=\"async\" class=\"alignnone size-full wp-image-1581\" src=\"https:\/\/lightingspain.com\/wp\/wp-content\/uploads\/2019\/06\/instalar-correctamente-aire-acondicionado-para-ahorrar.jpg\" alt=\"\" width=\"800\" height=\"609\" \/><\/p>\n<h2><strong>Aislar bien la casa<\/strong><\/h2>\n<p>Aunque puede parecer algo muy b\u00e1sico, la pr\u00e1ctica nos dice que <strong>no todos los hogares tienen un buen sistema de aislamiento<\/strong>.<\/p>\n<p>Ser\u00e1 necesario revisar por completo ventanas, puertas y persianas, de tal manera que no existan fugas de aire y que se optimice, a\u00fan m\u00e1s, la climatizaci\u00f3n de la casa.<\/p>\n<p><a href=\"https:\/\/lightingspain.com\/177572-ventilador-de-techo-madera-smart-con-motor-dc-just-fan-faro-8421776215689.html\"><img loading=\"lazy\" decoding=\"async\" class=\"aligncenter wp-image-4628 size-full\" src=\"https:\/\/lightingspain.com\/blog\/wp-content\/uploads\/2019\/09\/ventilador-de-techo-madera-smart-con-motor-dc-just-fan-faro.jpg\" alt=\"\" width=\"800\" height=\"948\" srcset=\"https:\/\/lightingspain.com\/blog\/wp-content\/uploads\/2019\/09\/ventilador-de-techo-madera-smart-con-motor-dc-just-fan-faro.jpg 800w, https:\/\/lightingspain.com\/blog\/wp-content\/uploads\/2019\/09\/ventilador-de-techo-madera-smart-con-motor-dc-just-fan-faro-253x300.jpg 253w, https:\/\/lightingspain.com\/blog\/wp-content\/uploads\/2019\/09\/ventilador-de-techo-madera-smart-con-motor-dc-just-fan-faro-768x910.jpg 768w, https:\/\/lightingspain.com\/blog\/wp-content\/uploads\/2019\/09\/ventilador-de-techo-madera-smart-con-motor-dc-just-fan-faro-585x693.jpg 585w\" sizes=\"(max-width: 800px) 100vw, 800px\" \/><\/a><em>Visita el producto en nuestra tienda: <a href=\"https:\/\/lightingspain.com\/177572-ventilador-de-techo-madera-smart-con-motor-dc-just-fan-faro-8421776215689.html\"><strong>Ventilador de techo, Just Fan<\/strong><\/a><\/em><\/p>\n<h2><strong>Cuidado con el sol<\/strong><\/h2>\n<p>Para que la temperatura de nuestro hogar no se dispare ser\u00e1 recomendable <strong>bajar las persianas<\/strong>,<strong> correr las cortinas <\/strong>o<strong> bajar los toldos en las horas centrales del d\u00eda<\/strong>.<\/p>\n<p>Adem\u00e1s es importante que ventilemos a primera hora de la ma\u00f1ana, justo cuando las temperaturas son m\u00e1s bajas y podemos enfriar m\u00e1s el hogar.<\/p>\n<p><img loading=\"lazy\" decoding=\"async\" class=\"alignnone size-full wp-image-1583\" src=\"https:\/\/lightingspain.com\/wp\/wp-content\/uploads\/2019\/06\/bajar-las-persianas-para-ahorrar-luz.jpg\" alt=\"\" width=\"800\" height=\"533\" \/><\/p>\n<p><a href=\"http:\/\/lightingspain.com\"><img loading=\"lazy\" decoding=\"async\" class=\"aligncenter wp-image-2999 size-medium\" src=\"https:\/\/lightingspain.com\/blog\/wp-content\/uploads\/2019\/07\/LightingSpain-2-300x73.jpg\" alt=\"\" width=\"300\" height=\"73\" srcset=\"https:\/\/lightingspain.com\/blog\/wp-content\/uploads\/2019\/07\/LightingSpain-2-300x73.jpg 300w, https:\/\/lightingspain.com\/blog\/wp-content\/uploads\/2019\/07\/LightingSpain-2-768x188.jpg 768w, https:\/\/lightingspain.com\/blog\/wp-content\/uploads\/2019\/07\/LightingSpain-2-585x143.jpg 585w, https:\/\/lightingspain.com\/blog\/wp-content\/uploads\/2019\/07\/LightingSpain-2.jpg 1024w\" sizes=\"(max-width: 300px) 100vw, 300px\" \/><\/a><\/p>\n","protected":false},"excerpt":{"rendered":"<p>El verano es la mejor \u00e9poca del a\u00f1o para ahorrar en el consumo de luz. Aunque las temperaturas se eleven y vivir dentro de&hellip;<\/p>\n","protected":false},"author":2,"featured_media":5336,"comment_status":"open","ping_status":"closed","sticky":false,"template":"","format":"image","meta":{"footnotes":""},"categories":[14],"tags":[],"class_list":["post-1471","post","type-post","status-publish","format-image","has-post-thumbnail","hentry","category-ideas","post_format-post-format-image"],"yoast_head":"<!-- This site is optimized with the Yoast SEO plugin v23.4 - https:\/\/yoast.com\/wordpress\/plugins\/seo\/ -->\n<title>Trucos para ahorrar luz este verano | LightingSpain<\/title>\n<meta name=\"description\" content=\"Te mostramos los trucos para ahorrar luz este verano. Pincha aqu\u00ed para poder verlos y contribuir con el medio ambiente. \u00a1Entra ahora!\" \/>\n<meta name=\"robots\" content=\"index, follow, max-snippet:-1, max-image-preview:large, max-video-preview:-1\" \/>\n<link rel=\"canonical\" href=\"https:\/\/lightingspain.com\/blog\/trucos-ahorrar-luz-verano\/\" \/>\n<meta property=\"og:locale\" content=\"es_ES\" \/>\n<meta property=\"og:type\" content=\"article\" \/>\n<meta property=\"og:title\" content=\"Trucos para ahorrar luz este verano | LightingSpain\" \/>\n<meta property=\"og:description\" content=\"Te mostramos los trucos para ahorrar luz este verano. Pincha aqu\u00ed para poder verlos y contribuir con el medio ambiente. \u00a1Entra ahora!\" \/>\n<meta property=\"og:url\" content=\"https:\/\/lightingspain.com\/blog\/trucos-ahorrar-luz-verano\/\" \/>\n<meta property=\"og:site_name\" content=\"Blog lightingspain\" \/>\n<meta property=\"article:published_time\" content=\"2024-06-13T11:45:20+00:00\" \/>\n<meta property=\"article:modified_time\" content=\"2025-03-20T08:39:36+00:00\" \/>\n<meta property=\"og:image\" content=\"https:\/\/lightingspain.com\/blog\/wp-content\/uploads\/2024\/06\/portada-ahora-e1742459856611.jpg\" \/>\n\t<meta property=\"og:image:width\" content=\"500\" \/>\n\t<meta property=\"og:image:height\" content=\"340\" \/>\n\t<meta property=\"og:image:type\" content=\"image\/jpeg\" \/>\n<meta name=\"author\" content=\"Lightingspain\" \/>\n<meta name=\"twitter:card\" content=\"summary_large_image\" \/>\n<meta name=\"twitter:label1\" content=\"Escrito por\" \/>\n\t<meta name=\"twitter:data1\" content=\"Lightingspain\" \/>\n\t<meta name=\"twitter:label2\" content=\"Tiempo de lectura\" \/>\n\t<meta name=\"twitter:data2\" content=\"5 minutos\" \/>\n<script type=\"application\/ld+json\" class=\"yoast-schema-graph\">{\"@context\":\"https:\/\/schema.org\",\"@graph\":[{\"@type\":\"WebPage\",\"@id\":\"https:\/\/lightingspain.com\/blog\/trucos-ahorrar-luz-verano\/\",\"url\":\"https:\/\/lightingspain.com\/blog\/trucos-ahorrar-luz-verano\/\",\"name\":\"Trucos para ahorrar luz este verano | LightingSpain\",\"isPartOf\":{\"@id\":\"https:\/\/lightingspain.com\/blog\/#website\"},\"primaryImageOfPage\":{\"@id\":\"https:\/\/lightingspain.com\/blog\/trucos-ahorrar-luz-verano\/#primaryimage\"},\"image\":{\"@id\":\"https:\/\/lightingspain.com\/blog\/trucos-ahorrar-luz-verano\/#primaryimage\"},\"thumbnailUrl\":\"https:\/\/lightingspain.com\/blog\/wp-content\/uploads\/2024\/06\/portada-ahora-e1742459856611.jpg\",\"datePublished\":\"2024-06-13T11:45:20+00:00\",\"dateModified\":\"2025-03-20T08:39:36+00:00\",\"author\":{\"@id\":\"https:\/\/lightingspain.com\/blog\/#\/schema\/person\/f151c75014f33473ada8d83e3d2c43b7\"},\"description\":\"Te mostramos los trucos para ahorrar luz este verano. Pincha aqu\u00ed para poder verlos y contribuir con el medio ambiente. \u00a1Entra ahora!\",\"breadcrumb\":{\"@id\":\"https:\/\/lightingspain.com\/blog\/trucos-ahorrar-luz-verano\/#breadcrumb\"},\"inLanguage\":\"es\",\"potentialAction\":[{\"@type\":\"ReadAction\",\"target\":[\"https:\/\/lightingspain.com\/blog\/trucos-ahorrar-luz-verano\/\"]}]},{\"@type\":\"ImageObject\",\"inLanguage\":\"es\",\"@id\":\"https:\/\/lightingspain.com\/blog\/trucos-ahorrar-luz-verano\/#primaryimage\",\"url\":\"https:\/\/lightingspain.com\/blog\/wp-content\/uploads\/2024\/06\/portada-ahora-e1742459856611.jpg\",\"contentUrl\":\"https:\/\/lightingspain.com\/blog\/wp-content\/uploads\/2024\/06\/portada-ahora-e1742459856611.jpg\",\"width\":500,\"height\":340},{\"@type\":\"BreadcrumbList\",\"@id\":\"https:\/\/lightingspain.com\/blog\/trucos-ahorrar-luz-verano\/#breadcrumb\",\"itemListElement\":[{\"@type\":\"ListItem\",\"position\":1,\"name\":\"Portada\",\"item\":\"https:\/\/lightingspain.com\/blog\/\"},{\"@type\":\"ListItem\",\"position\":2,\"name\":\"Trucos para ahorrar luz en verano\"}]},{\"@type\":\"WebSite\",\"@id\":\"https:\/\/lightingspain.com\/blog\/#website\",\"url\":\"https:\/\/lightingspain.com\/blog\/\",\"name\":\"Blog lightingspain\",\"description\":\"Otro sitio realizado con WordPress\",\"potentialAction\":[{\"@type\":\"SearchAction\",\"target\":{\"@type\":\"EntryPoint\",\"urlTemplate\":\"https:\/\/lightingspain.com\/blog\/?s={search_term_string}\"},\"query-input\":{\"@type\":\"PropertyValueSpecification\",\"valueRequired\":true,\"valueName\":\"search_term_string\"}}],\"inLanguage\":\"es\"},{\"@type\":\"Person\",\"@id\":\"https:\/\/lightingspain.com\/blog\/#\/schema\/person\/f151c75014f33473ada8d83e3d2c43b7\",\"name\":\"Lightingspain\",\"image\":{\"@type\":\"ImageObject\",\"inLanguage\":\"es\",\"@id\":\"https:\/\/lightingspain.com\/blog\/#\/schema\/person\/image\/\",\"url\":\"https:\/\/secure.gravatar.com\/avatar\/?s=96&d=mm&r=g\",\"contentUrl\":\"https:\/\/secure.gravatar.com\/avatar\/?s=96&d=mm&r=g\",\"caption\":\"Lightingspain\"},\"url\":\"https:\/\/lightingspain.com\/blog\/author\/lightingspain\/\"}]}<\/script>\n<!-- \/ Yoast SEO plugin. -->","yoast_head_json":{"title":"Trucos para ahorrar luz este verano | LightingSpain","description":"Te mostramos los trucos para ahorrar luz este verano. Pincha aqu\u00ed para poder verlos y contribuir con el medio ambiente. \u00a1Entra ahora!","robots":{"index":"index","follow":"follow","max-snippet":"max-snippet:-1","max-image-preview":"max-image-preview:large","max-video-preview":"max-video-preview:-1"},"canonical":"https:\/\/lightingspain.com\/blog\/trucos-ahorrar-luz-verano\/","og_locale":"es_ES","og_type":"article","og_title":"Trucos para ahorrar luz este verano | LightingSpain","og_description":"Te mostramos los trucos para ahorrar luz este verano. Pincha aqu\u00ed para poder verlos y contribuir con el medio ambiente. \u00a1Entra ahora!","og_url":"https:\/\/lightingspain.com\/blog\/trucos-ahorrar-luz-verano\/","og_site_name":"Blog lightingspain","article_published_time":"2024-06-13T11:45:20+00:00","article_modified_time":"2025-03-20T08:39:36+00:00","og_image":[{"width":500,"height":340,"url":"https:\/\/lightingspain.com\/blog\/wp-content\/uploads\/2024\/06\/portada-ahora-e1742459856611.jpg","type":"image\/jpeg"}],"author":"Lightingspain","twitter_card":"summary_large_image","twitter_misc":{"Escrito por":"Lightingspain","Tiempo de lectura":"5 minutos"},"schema":{"@context":"https:\/\/schema.org","@graph":[{"@type":"WebPage","@id":"https:\/\/lightingspain.com\/blog\/trucos-ahorrar-luz-verano\/","url":"https:\/\/lightingspain.com\/blog\/trucos-ahorrar-luz-verano\/","name":"Trucos para ahorrar luz este verano | LightingSpain","isPartOf":{"@id":"https:\/\/lightingspain.com\/blog\/#website"},"primaryImageOfPage":{"@id":"https:\/\/lightingspain.com\/blog\/trucos-ahorrar-luz-verano\/#primaryimage"},"image":{"@id":"https:\/\/lightingspain.com\/blog\/trucos-ahorrar-luz-verano\/#primaryimage"},"thumbnailUrl":"https:\/\/lightingspain.com\/blog\/wp-content\/uploads\/2024\/06\/portada-ahora-e1742459856611.jpg","datePublished":"2024-06-13T11:45:20+00:00","dateModified":"2025-03-20T08:39:36+00:00","author":{"@id":"https:\/\/lightingspain.com\/blog\/#\/schema\/person\/f151c75014f33473ada8d83e3d2c43b7"},"description":"Te mostramos los trucos para ahorrar luz este verano. Pincha aqu\u00ed para poder verlos y contribuir con el medio ambiente. \u00a1Entra ahora!","breadcrumb":{"@id":"https:\/\/lightingspain.com\/blog\/trucos-ahorrar-luz-verano\/#breadcrumb"},"inLanguage":"es","potentialAction":[{"@type":"ReadAction","target":["https:\/\/lightingspain.com\/blog\/trucos-ahorrar-luz-verano\/"]}]},{"@type":"ImageObject","inLanguage":"es","@id":"https:\/\/lightingspain.com\/blog\/trucos-ahorrar-luz-verano\/#primaryimage","url":"https:\/\/lightingspain.com\/blog\/wp-content\/uploads\/2024\/06\/portada-ahora-e1742459856611.jpg","contentUrl":"https:\/\/lightingspain.com\/blog\/wp-content\/uploads\/2024\/06\/portada-ahora-e1742459856611.jpg","width":500,"height":340},{"@type":"BreadcrumbList","@id":"https:\/\/lightingspain.com\/blog\/trucos-ahorrar-luz-verano\/#breadcrumb","itemListElement":[{"@type":"ListItem","position":1,"name":"Portada","item":"https:\/\/lightingspain.com\/blog\/"},{"@type":"ListItem","position":2,"name":"Trucos para ahorrar luz en verano"}]},{"@type":"WebSite","@id":"https:\/\/lightingspain.com\/blog\/#website","url":"https:\/\/lightingspain.com\/blog\/","name":"Blog lightingspain","description":"Otro sitio realizado con WordPress","potentialAction":[{"@type":"SearchAction","target":{"@type":"EntryPoint","urlTemplate":"https:\/\/lightingspain.com\/blog\/?s={search_term_string}"},"query-input":{"@type":"PropertyValueSpecification","valueRequired":true,"valueName":"search_term_string"}}],"inLanguage":"es"},{"@type":"Person","@id":"https:\/\/lightingspain.com\/blog\/#\/schema\/person\/f151c75014f33473ada8d83e3d2c43b7","name":"Lightingspain","image":{"@type":"ImageObject","inLanguage":"es","@id":"https:\/\/lightingspain.com\/blog\/#\/schema\/person\/image\/","url":"https:\/\/secure.gravatar.com\/avatar\/?s=96&d=mm&r=g","contentUrl":"https:\/\/secure.gravatar.com\/avatar\/?s=96&d=mm&r=g","caption":"Lightingspain"},"url":"https:\/\/lightingspain.com\/blog\/author\/lightingspain\/"}]}},"_links":{"self":[{"href":"https:\/\/lightingspain.com\/blog\/wp-json\/wp\/v2\/posts\/1471"}],"collection":[{"href":"https:\/\/lightingspain.com\/blog\/wp-json\/wp\/v2\/posts"}],"about":[{"href":"https:\/\/lightingspain.com\/blog\/wp-json\/wp\/v2\/types\/post"}],"author":[{"embeddable":true,"href":"https:\/\/lightingspain.com\/blog\/wp-json\/wp\/v2\/users\/2"}],"replies":[{"embeddable":true,"href":"https:\/\/lightingspain.com\/blog\/wp-json\/wp\/v2\/comments?post=1471"}],"version-history":[{"count":3,"href":"https:\/\/lightingspain.com\/blog\/wp-json\/wp\/v2\/posts\/1471\/revisions"}],"predecessor-version":[{"id":4761,"href":"https:\/\/lightingspain.com\/blog\/wp-json\/wp\/v2\/posts\/1471\/revisions\/4761"}],"wp:featuredmedia":[{"embeddable":true,"href":"https:\/\/lightingspain.com\/blog\/wp-json\/wp\/v2\/media\/5336"}],"wp:attachment":[{"href":"https:\/\/lightingspain.com\/blog\/wp-json\/wp\/v2\/media?parent=1471"}],"wp:term":[{"taxonomy":"category","embeddable":true,"href":"https:\/\/lightingspain.com\/blog\/wp-json\/wp\/v2\/categories?post=1471"},{"taxonomy":"post_tag","embeddable":true,"href":"https:\/\/lightingspain.com\/blog\/wp-json\/wp\/v2\/tags?post=1471"}],"curies":[{"name":"wp","href":"https:\/\/api.w.org\/{rel}","templated":true}]}}