{"id":1195,"date":"2025-01-04T13:14:55","date_gmt":"2025-01-04T13:14:55","guid":{"rendered":"https:\/\/lightingspain.com\/es\/blog\/?p=1195"},"modified":"2025-03-20T09:34:05","modified_gmt":"2025-03-20T09:34:05","slug":"temperatura-color-led","status":"publish","type":"post","link":"https:\/\/lightingspain.com\/blog\/temperatura-color-led\/","title":{"rendered":"Temperaturas de color LED, \u00bfQu\u00e9 color debo usar?"},"content":{"rendered":"<p><span style=\"font-weight: 400;\">C\u00e1lido, neutro o fr\u00edo, as\u00ed son los diferentes tipos de color de luz LED seg\u00fan el ambiente que elijamos. <\/span><\/p>\n<p>Aunque son muchos los par\u00e1metros que se deben tener en cuenta a la hora de llevar a cabo la decoraci\u00f3n de un espacio, uno de los m\u00e1s importantes es, sin duda alguna, el tipo de ambiente que queramos transmitir.<\/p>\n<p><!--more--><\/p>\n<p>Para ello, el color de luz que elijamos es fundamental, ofreciendo un tipo de efecto u otro en ese lugar. Es justo aqu\u00ed donde la \u00a0luz LED blanca se convierte en la mejor opci\u00f3n para alcanzar este objetivo.<\/p>\n<p>La temperatura del color o el color de la luz como tal var\u00eda seg\u00fan 3 tonalidades medidas en grados Kelvin.<\/p>\n<p><img loading=\"lazy\" decoding=\"async\" class=\"alignnone size-full wp-image-544\" src=\"https:\/\/lightingspain.com\/wp\/wp-content\/uploads\/2018\/11\/temperaturaluz.png\" alt=\"\" width=\"1200\" height=\"599\" \/><\/p>\n<p><span style=\"font-weight: 400;\">Si nos encontramos por debajo de los 3.300 Kelvin estaremos ante una Luz C\u00e1lida, lo que significa un espacio ambiental, af\u00edn a la salida del Sol. Si por el contrario la intensidad se encuentra entre los 5.000 y 6.500 grados Kelvin estaremos ante una Luz Fr\u00eda, haciendo m\u00e1s referencia al cielo, a un d\u00eda despejado.<\/span><\/p>\n<p><span style=\"font-weight: 400;\">Y, por \u00faltimo, si est\u00e1 alrededor de los 4.000 grados se considerara una Luz Neutra o simplemente natural, produciendo una sensaci\u00f3n de frescura y limpieza.<\/span><\/p>\n<p><a href=\"https:\/\/lightingspain.com\/179536-696356-aplique-de-pared-hanok-mantra-lampara-led-3000k-4000k-120-cm-metal-negro-blanco.html#\/36-color-negro\/2768-fuente_de_luz-3000k_luz_calida_neutra\/3207-acabado-no_regulable\"><img loading=\"lazy\" decoding=\"async\" class=\"aligncenter size-full wp-image-4099\" src=\"https:\/\/lightingspain.com\/blog\/wp-content\/uploads\/2019\/04\/7772-hanok-aplique-de-pared-minimalista-alargado-negro-led-4000k-luz-fria.jpg\" alt=\"\" width=\"800\" height=\"539\" srcset=\"https:\/\/lightingspain.com\/blog\/wp-content\/uploads\/2019\/04\/7772-hanok-aplique-de-pared-minimalista-alargado-negro-led-4000k-luz-fria.jpg 800w, https:\/\/lightingspain.com\/blog\/wp-content\/uploads\/2019\/04\/7772-hanok-aplique-de-pared-minimalista-alargado-negro-led-4000k-luz-fria-300x202.jpg 300w, https:\/\/lightingspain.com\/blog\/wp-content\/uploads\/2019\/04\/7772-hanok-aplique-de-pared-minimalista-alargado-negro-led-4000k-luz-fria-768x517.jpg 768w, https:\/\/lightingspain.com\/blog\/wp-content\/uploads\/2019\/04\/7772-hanok-aplique-de-pared-minimalista-alargado-negro-led-4000k-luz-fria-585x394.jpg 585w\" sizes=\"(max-width: 800px) 100vw, 800px\" \/><\/a><\/p>\n<p><em>Visita el producto en nuestra tienda: <a href=\"https:\/\/lightingspain.com\/179536-696356-aplique-de-pared-hanok-mantra-lampara-led-3000k-4000k-120-cm-metal-negro-blanco.html#\/36-color-negro\/2768-fuente_de_luz-3000k_luz_calida_neutra\/3207-acabado-no_regulable\"><strong>Aplique de pared, Hanok<\/strong><\/a><\/em><\/p>\n<p>Pero, \u00bfQu\u00e9 color debo utilizar en cada ocasi\u00f3n? Nosotros os ayudamos a saber distinguirlas y elegirlas seg\u00fan tu tonalidad.<\/p>\n<p>Luz LED, \u00bfCu\u00e1ndo debo usar cada color?<\/p>\n<p>Seg\u00fan el ambiente y la sensaci\u00f3n que queramos transmitir ser\u00e1 necesario el uso de un tipo de tonalidad de luz LED u otro. Aprender a conocer el m\u00e1s acertado es muy sencillo con estas peque\u00f1as pautas.<\/p>\n<p><a href=\"https:\/\/lightingspain.com\/\"><img loading=\"lazy\" decoding=\"async\" class=\"aligncenter wp-image-3314 size-full\" src=\"https:\/\/lightingspain.com\/blog\/wp-content\/uploads\/2021\/09\/Te-regalamos-10-\u20ac-en-tu-primer-pedido-1.png\" alt=\"Oferta especial lamparas cupon descuento\" width=\"2000\" height=\"1000\" srcset=\"https:\/\/lightingspain.com\/blog\/wp-content\/uploads\/2021\/09\/Te-regalamos-10-\u20ac-en-tu-primer-pedido-1.png 2000w, https:\/\/lightingspain.com\/blog\/wp-content\/uploads\/2021\/09\/Te-regalamos-10-\u20ac-en-tu-primer-pedido-1-300x150.png 300w, https:\/\/lightingspain.com\/blog\/wp-content\/uploads\/2021\/09\/Te-regalamos-10-\u20ac-en-tu-primer-pedido-1-1024x512.png 1024w, https:\/\/lightingspain.com\/blog\/wp-content\/uploads\/2021\/09\/Te-regalamos-10-\u20ac-en-tu-primer-pedido-1-768x384.png 768w, https:\/\/lightingspain.com\/blog\/wp-content\/uploads\/2021\/09\/Te-regalamos-10-\u20ac-en-tu-primer-pedido-1-1536x768.png 1536w, https:\/\/lightingspain.com\/blog\/wp-content\/uploads\/2021\/09\/Te-regalamos-10-\u20ac-en-tu-primer-pedido-1-1920x960.png 1920w, https:\/\/lightingspain.com\/blog\/wp-content\/uploads\/2021\/09\/Te-regalamos-10-\u20ac-en-tu-primer-pedido-1-1170x585.png 1170w, https:\/\/lightingspain.com\/blog\/wp-content\/uploads\/2021\/09\/Te-regalamos-10-\u20ac-en-tu-primer-pedido-1-585x293.png 585w\" sizes=\"(max-width: 2000px) 100vw, 2000px\" \/><\/a><\/p>\n<h2><span style=\"font-weight: 400;\"><strong>Ambientes c\u00e1lidos y acogedores<\/strong> <\/span><\/h2>\n<p>Si lo que queremos es crear un espacio para relajarnos y descansar, el tipo de luz Blanca C\u00e1lida es la m\u00e1s recomendable para ti.<\/p>\n<p><a href=\"https:\/\/lightingspain.com\/97003-11942-aplique-de-pared-led-oe-4-cm-y-97-cm-de-alto-de-acero-con-base-circular-en-2-acabados-orientable-y-regulable-haul-milan.html#\/335-acabado-lacado_negro\"><img loading=\"lazy\" decoding=\"async\" class=\"aligncenter size-full wp-image-4100\" src=\"https:\/\/lightingspain.com\/blog\/wp-content\/uploads\/2019\/04\/haul-lampara-aplique-de-pared-proyector-luz-calida-2700k.jpg\" alt=\"\" width=\"800\" height=\"685\" srcset=\"https:\/\/lightingspain.com\/blog\/wp-content\/uploads\/2019\/04\/haul-lampara-aplique-de-pared-proyector-luz-calida-2700k.jpg 800w, https:\/\/lightingspain.com\/blog\/wp-content\/uploads\/2019\/04\/haul-lampara-aplique-de-pared-proyector-luz-calida-2700k-300x257.jpg 300w, https:\/\/lightingspain.com\/blog\/wp-content\/uploads\/2019\/04\/haul-lampara-aplique-de-pared-proyector-luz-calida-2700k-768x658.jpg 768w, https:\/\/lightingspain.com\/blog\/wp-content\/uploads\/2019\/04\/haul-lampara-aplique-de-pared-proyector-luz-calida-2700k-585x501.jpg 585w\" sizes=\"(max-width: 800px) 100vw, 800px\" \/><\/a><\/p>\n<p><em>Visita el producto en nuestra tienda: <a href=\"https:\/\/lightingspain.com\/97003-11942-aplique-de-pared-led-oe-4-cm-y-97-cm-de-alto-de-acero-con-base-circular-en-2-acabados-orientable-y-regulable-haul-milan.html#\/335-acabado-lacado_negro\"><strong>Aplique proyector de pared, Haul<\/strong><\/a><\/em><\/p>\n<p>Esta opci\u00f3n es la m\u00e1s acertada en lugares como las habitaciones, salas de estar, comedor o cualquier sitio donde busquemos tener una armon\u00eda y sentirnos totalmente acogidos.<\/p>\n<p>Es ideal para crear ambientes donde sentirnos a gustos y en paz.<\/p>\n<div class=\"row\">\n<p>[dp_product id=179536 type=a domain=0 name=\u00bbAplique de pared, Hanok\u00bb description=\u00bbhttps:\/\/lightingspain.com\/179536-696356-aplique-de-pared-hanok-mantra-lampara-led-3000k-4000k-120-cm-metal-negro-blanco.html#\/36-color-negro\/2768-fuente_de_luz-3000k_luz_calida_neutra\/3207-acabado-no_regulable\u00bb button=\u00bbVer producto\u00bb with_taxes=1 with_price=1 ][dp_product id=97003 type=a domain=0 name=\u00bbAplique de pared, Haul\u00bb description=\u00bbhttps:\/\/lightingspain.com\/97003-11942-aplique-de-pared-led-oe-4-cm-y-97-cm-de-alto-de-acero-con-base-circular-en-2-acabados-orientable-y-regulable-haul-milan.html#\/335-acabado-lacado_negro\u00bb button=\u00bbVer producto\u00bb with_taxes=1 with_price=1 ][dp_product id=180030 type=a domain=0 name=\u00bbL\u00e1mpara de mesa, Natural\u00bb description=\u00bbhttps:\/\/lightingspain.com\/180030-lampara-de-mesa-natural-pujol-materiales-naturales-45-cm.html\u00bb button=\u00bbVer producto\u00bb with_taxes=1 with_price=1 ][dp_product id=177906 type=a domain=0 name=\u00bbColgante de techo, BCN30&#8243; description=\u00bbhttps:\/\/lightingspain.com\/177906-lampara-de-techo-colgante-bcn-30-nexia-25-cm.html\u00bb button=\u00bbVer producto\u00bb with_taxes=1 with_price=1 ]<\/p>\n<div><\/div>\n<\/div>\n<h2><span style=\"font-weight: 400;\"><strong>Zonas m\u00e1s estimulantes<\/strong> <\/span><\/h2>\n<p>Los tonos azules son los encargados de crear ambientes que nos permitan estimularnos. \u00bfC\u00f3mo podemos conseguirlos? Decant\u00e1ndonos por un tipo de luz Blanco Fr\u00edo.<\/p>\n<p><a href=\"https:\/\/lightingspain.com\/176133-plafon-de-techo-miso-leds-c4.html\"><img loading=\"lazy\" decoding=\"async\" class=\"aligncenter size-full wp-image-4101\" src=\"https:\/\/lightingspain.com\/blog\/wp-content\/uploads\/2019\/04\/miso-lampara-de-techo-para-cocina-plafon-blanco-luz-blanca.jpg\" alt=\"\" width=\"801\" height=\"511\" srcset=\"https:\/\/lightingspain.com\/blog\/wp-content\/uploads\/2019\/04\/miso-lampara-de-techo-para-cocina-plafon-blanco-luz-blanca.jpg 801w, https:\/\/lightingspain.com\/blog\/wp-content\/uploads\/2019\/04\/miso-lampara-de-techo-para-cocina-plafon-blanco-luz-blanca-300x191.jpg 300w, https:\/\/lightingspain.com\/blog\/wp-content\/uploads\/2019\/04\/miso-lampara-de-techo-para-cocina-plafon-blanco-luz-blanca-768x490.jpg 768w, https:\/\/lightingspain.com\/blog\/wp-content\/uploads\/2019\/04\/miso-lampara-de-techo-para-cocina-plafon-blanco-luz-blanca-585x373.jpg 585w\" sizes=\"(max-width: 801px) 100vw, 801px\" \/><\/a><\/p>\n<p><em>Visita el producto en nuestra tienda: <a href=\"https:\/\/lightingspain.com\/176133-plafon-de-techo-miso-leds-c4.html\"><strong>Plaf\u00f3n de techo, Miso<\/strong><\/a><\/em><\/p>\n<p>Su uso suele ser muy com\u00fan en las zonas donde se comienza la rutina diaria, ya sea el cuarto de ba\u00f1o o la propia cocina. Son espacios que requieren un tr\u00e1nsito continuado tales como pasillos, escaleras, entradas e incluso pueden llegar a ser utilizadas dentro del \u00e1mbito m\u00e1s profesional.<\/p>\n<p><a href=\"https:\/\/lightingspain.com\/173219-57102-foco-de-carril-picolo-led-switch.html#\/36-color-negro\/1474-material-metal\"><img loading=\"lazy\" decoding=\"async\" class=\"aligncenter size-full wp-image-4102\" src=\"https:\/\/lightingspain.com\/blog\/wp-content\/uploads\/2019\/04\/picolo-lampara-de-carril-de-techo-negro-luz-blanca.jpg\" alt=\"\" width=\"800\" height=\"633\" srcset=\"https:\/\/lightingspain.com\/blog\/wp-content\/uploads\/2019\/04\/picolo-lampara-de-carril-de-techo-negro-luz-blanca.jpg 800w, https:\/\/lightingspain.com\/blog\/wp-content\/uploads\/2019\/04\/picolo-lampara-de-carril-de-techo-negro-luz-blanca-300x237.jpg 300w, https:\/\/lightingspain.com\/blog\/wp-content\/uploads\/2019\/04\/picolo-lampara-de-carril-de-techo-negro-luz-blanca-768x608.jpg 768w, https:\/\/lightingspain.com\/blog\/wp-content\/uploads\/2019\/04\/picolo-lampara-de-carril-de-techo-negro-luz-blanca-585x463.jpg 585w\" sizes=\"(max-width: 800px) 100vw, 800px\" \/><\/a><\/p>\n<p><em>Visita el producto en nuestra tienda: <a href=\"https:\/\/lightingspain.com\/173219-57102-foco-de-carril-picolo-led-switch.html#\/36-color-negro\/1474-material-metal\"><strong>L\u00e1mpara de carril, Picolo<\/strong><\/a><\/em><\/p>\n<h2><strong>Espacios Frescos y transparentes<\/strong><\/h2>\n<p>Pero si lo que queremos decorar son lugares comerciales, de trabajo o incluso oficinas el mejor color ser\u00e1 el uso del Blanco Neutro.<\/p>\n<p>Est\u00e1 cient\u00edficamente comprobado que este tipo de luz no solo ayuda a mejorar el \u00e1nimo entre las personas, si no que facilita la venta y, por lo tanto, el rendimiento de los empleados.<\/p>\n<p><a href=\"https:\/\/lightingspain.com\/172756-plafon-de-techo-turin.html\"><img loading=\"lazy\" decoding=\"async\" class=\"aligncenter size-full wp-image-4103\" src=\"https:\/\/lightingspain.com\/blog\/wp-content\/uploads\/2019\/04\/turin-plafon-de-techo-rectangular-blanco-led-luz-fria-neutra.jpg\" alt=\"\" width=\"800\" height=\"528\" srcset=\"https:\/\/lightingspain.com\/blog\/wp-content\/uploads\/2019\/04\/turin-plafon-de-techo-rectangular-blanco-led-luz-fria-neutra.jpg 800w, https:\/\/lightingspain.com\/blog\/wp-content\/uploads\/2019\/04\/turin-plafon-de-techo-rectangular-blanco-led-luz-fria-neutra-300x198.jpg 300w, https:\/\/lightingspain.com\/blog\/wp-content\/uploads\/2019\/04\/turin-plafon-de-techo-rectangular-blanco-led-luz-fria-neutra-768x507.jpg 768w, https:\/\/lightingspain.com\/blog\/wp-content\/uploads\/2019\/04\/turin-plafon-de-techo-rectangular-blanco-led-luz-fria-neutra-780x516.jpg 780w, https:\/\/lightingspain.com\/blog\/wp-content\/uploads\/2019\/04\/turin-plafon-de-techo-rectangular-blanco-led-luz-fria-neutra-585x386.jpg 585w, https:\/\/lightingspain.com\/blog\/wp-content\/uploads\/2019\/04\/turin-plafon-de-techo-rectangular-blanco-led-luz-fria-neutra-263x175.jpg 263w\" sizes=\"(max-width: 800px) 100vw, 800px\" \/><\/a><\/p>\n<p><em>Visita el producto en nuestra tienda: <a href=\"https:\/\/lightingspain.com\/172756-plafon-de-techo-turin.html\"><strong>Plaf\u00f3n de techo, Turin<\/strong><\/a><\/em><\/p>\n<p>Adem\u00e1s se puede combinar con otro tipo de luz como el blanco c\u00e1lido, ya que nos facilita la iluminaci\u00f3n y puede ser de gran utilidad en \u00e1reas de lectura o salas de estudio.<\/p>\n<p>En el mundo de la luz no todo es tan estricto como se puede ver y es importante destacar que cualquiera de las temperaturas de las luces LED se pueden como nosotros deseemos, logrando as\u00ed diferentes espacios con distintos efectos.<\/p>\n<div class=\"row\">\n<p>[dp_product id=176133 type=a domain=0 name=\u00bbPlaf\u00f3n de techo, Miso\u00bb description=\u00bbhttps:\/\/lightingspain.com\/176133-plafon-de-techo-miso-leds-c4.html\u00bb button=\u00bbVer producto\u00bb with_taxes=1 with_price=1 ][dp_product id=173219 type=a domain=0 name=\u00bbFoco de carril, Picolo\u00bb description=\u00bbhttps:\/\/lightingspain.com\/173219-57102-foco-de-carril-picolo-led-switch.html#\/36-color-negro\/1474-material-metal\u00bb button=\u00bbVer producto\u00bb with_taxes=1 with_price=1 ][dp_product id=172756 type=a domain=0 name=\u00bbPlaf\u00f3n de techo, Turin\u00bb description=\u00bbhttps:\/\/lightingspain.com\/172756-plafon-de-techo-turin.html\u00bb button=\u00bbVer producto\u00bb with_taxes=1 with_price=1 ][dp_product id=176888 type=a domain=0 name=\u00bbL\u00e1mpara de escritorio, Chester\u00bb description=\u00bbhttps:\/\/lightingspain.com\/176888-lampara-de-escritorio-chester-ajp.html\u00bb button=\u00bbVer producto\u00bb with_taxes=1 with_price=1 ]<\/p>\n<div><\/div>\n<\/div>\n<p><a href=\"https:\/\/lightingspain.com\/\"><img loading=\"lazy\" decoding=\"async\" class=\"aligncenter size-medium wp-image-2999\" src=\"https:\/\/lightingspain.com\/blog\/wp-content\/uploads\/2019\/07\/LightingSpain-2-300x73.jpg\" alt=\"\" width=\"300\" height=\"73\" srcset=\"https:\/\/lightingspain.com\/blog\/wp-content\/uploads\/2019\/07\/LightingSpain-2-300x73.jpg 300w, https:\/\/lightingspain.com\/blog\/wp-content\/uploads\/2019\/07\/LightingSpain-2-768x188.jpg 768w, https:\/\/lightingspain.com\/blog\/wp-content\/uploads\/2019\/07\/LightingSpain-2-585x143.jpg 585w, https:\/\/lightingspain.com\/blog\/wp-content\/uploads\/2019\/07\/LightingSpain-2.jpg 1024w\" sizes=\"(max-width: 300px) 100vw, 300px\" \/><\/a><\/p>\n","protected":false},"excerpt":{"rendered":"<p>C\u00e1lido, neutro o fr\u00edo, as\u00ed son los diferentes tipos de color de luz LED seg\u00fan el ambiente que elijamos. Aunque son muchos los par\u00e1metros&hellip;<\/p>\n","protected":false},"author":2,"featured_media":5108,"comment_status":"open","ping_status":"closed","sticky":false,"template":"","format":"image","meta":{"footnotes":""},"categories":[14],"tags":[],"class_list":["post-1195","post","type-post","status-publish","format-image","has-post-thumbnail","hentry","category-ideas","post_format-post-format-image"],"yoast_head":"<!-- This site is optimized with the Yoast SEO plugin v23.4 - https:\/\/yoast.com\/wordpress\/plugins\/seo\/ -->\n<title>Temperaturas de color led \u00bfQu\u00e9 color debo usar? | LighthingSpain<\/title>\n<meta name=\"description\" content=\"\u00bfPor qu\u00e9 es importante la temperatura de color led y cu\u00e1l es la adecuada a usar en casa espacio o momento? Te lo contamos todo aqu\u00ed.\" \/>\n<meta name=\"robots\" content=\"index, follow, max-snippet:-1, max-image-preview:large, max-video-preview:-1\" \/>\n<link rel=\"canonical\" href=\"https:\/\/lightingspain.com\/blog\/temperatura-color-led\/\" \/>\n<meta property=\"og:locale\" content=\"es_ES\" \/>\n<meta property=\"og:type\" content=\"article\" \/>\n<meta property=\"og:title\" content=\"Temperaturas de color led \u00bfQu\u00e9 color debo usar? | LighthingSpain\" \/>\n<meta property=\"og:description\" content=\"\u00bfPor qu\u00e9 es importante la temperatura de color led y cu\u00e1l es la adecuada a usar en casa espacio o momento? Te lo contamos todo aqu\u00ed.\" \/>\n<meta property=\"og:url\" content=\"https:\/\/lightingspain.com\/blog\/temperatura-color-led\/\" \/>\n<meta property=\"og:site_name\" content=\"Blog lightingspain\" \/>\n<meta property=\"article:published_time\" content=\"2025-01-04T13:14:55+00:00\" \/>\n<meta property=\"article:modified_time\" content=\"2025-03-20T09:34:05+00:00\" \/>\n<meta property=\"og:image\" content=\"https:\/\/lightingspain.com\/blog\/wp-content\/uploads\/2018\/10\/Alive-LedsC4-Lampara-colgante-e1742463240209.jpg\" \/>\n\t<meta property=\"og:image:width\" content=\"500\" \/>\n\t<meta property=\"og:image:height\" content=\"340\" \/>\n\t<meta property=\"og:image:type\" content=\"image\/jpeg\" \/>\n<meta name=\"author\" content=\"Lightingspain\" \/>\n<meta name=\"twitter:card\" content=\"summary_large_image\" \/>\n<meta name=\"twitter:label1\" content=\"Escrito por\" \/>\n\t<meta name=\"twitter:data1\" content=\"Lightingspain\" \/>\n\t<meta name=\"twitter:label2\" content=\"Tiempo de lectura\" \/>\n\t<meta name=\"twitter:data2\" content=\"5 minutos\" \/>\n<script type=\"application\/ld+json\" class=\"yoast-schema-graph\">{\"@context\":\"https:\/\/schema.org\",\"@graph\":[{\"@type\":\"WebPage\",\"@id\":\"https:\/\/lightingspain.com\/blog\/temperatura-color-led\/\",\"url\":\"https:\/\/lightingspain.com\/blog\/temperatura-color-led\/\",\"name\":\"Temperaturas de color led \u00bfQu\u00e9 color debo usar? | LighthingSpain\",\"isPartOf\":{\"@id\":\"https:\/\/lightingspain.com\/blog\/#website\"},\"primaryImageOfPage\":{\"@id\":\"https:\/\/lightingspain.com\/blog\/temperatura-color-led\/#primaryimage\"},\"image\":{\"@id\":\"https:\/\/lightingspain.com\/blog\/temperatura-color-led\/#primaryimage\"},\"thumbnailUrl\":\"https:\/\/lightingspain.com\/blog\/wp-content\/uploads\/2018\/10\/Alive-LedsC4-Lampara-colgante-e1742463240209.jpg\",\"datePublished\":\"2025-01-04T13:14:55+00:00\",\"dateModified\":\"2025-03-20T09:34:05+00:00\",\"author\":{\"@id\":\"https:\/\/lightingspain.com\/blog\/#\/schema\/person\/f151c75014f33473ada8d83e3d2c43b7\"},\"description\":\"\u00bfPor qu\u00e9 es importante la temperatura de color led y cu\u00e1l es la adecuada a usar en casa espacio o momento? Te lo contamos todo aqu\u00ed.\",\"breadcrumb\":{\"@id\":\"https:\/\/lightingspain.com\/blog\/temperatura-color-led\/#breadcrumb\"},\"inLanguage\":\"es\",\"potentialAction\":[{\"@type\":\"ReadAction\",\"target\":[\"https:\/\/lightingspain.com\/blog\/temperatura-color-led\/\"]}]},{\"@type\":\"ImageObject\",\"inLanguage\":\"es\",\"@id\":\"https:\/\/lightingspain.com\/blog\/temperatura-color-led\/#primaryimage\",\"url\":\"https:\/\/lightingspain.com\/blog\/wp-content\/uploads\/2018\/10\/Alive-LedsC4-Lampara-colgante-e1742463240209.jpg\",\"contentUrl\":\"https:\/\/lightingspain.com\/blog\/wp-content\/uploads\/2018\/10\/Alive-LedsC4-Lampara-colgante-e1742463240209.jpg\",\"width\":500,\"height\":340,\"caption\":\"Alive LedsC4 L\u00e1mpara colgante\"},{\"@type\":\"BreadcrumbList\",\"@id\":\"https:\/\/lightingspain.com\/blog\/temperatura-color-led\/#breadcrumb\",\"itemListElement\":[{\"@type\":\"ListItem\",\"position\":1,\"name\":\"Portada\",\"item\":\"https:\/\/lightingspain.com\/blog\/\"},{\"@type\":\"ListItem\",\"position\":2,\"name\":\"Temperaturas de color LED, \u00bfQu\u00e9 color debo usar?\"}]},{\"@type\":\"WebSite\",\"@id\":\"https:\/\/lightingspain.com\/blog\/#website\",\"url\":\"https:\/\/lightingspain.com\/blog\/\",\"name\":\"Blog lightingspain\",\"description\":\"Otro sitio realizado con WordPress\",\"potentialAction\":[{\"@type\":\"SearchAction\",\"target\":{\"@type\":\"EntryPoint\",\"urlTemplate\":\"https:\/\/lightingspain.com\/blog\/?s={search_term_string}\"},\"query-input\":{\"@type\":\"PropertyValueSpecification\",\"valueRequired\":true,\"valueName\":\"search_term_string\"}}],\"inLanguage\":\"es\"},{\"@type\":\"Person\",\"@id\":\"https:\/\/lightingspain.com\/blog\/#\/schema\/person\/f151c75014f33473ada8d83e3d2c43b7\",\"name\":\"Lightingspain\",\"image\":{\"@type\":\"ImageObject\",\"inLanguage\":\"es\",\"@id\":\"https:\/\/lightingspain.com\/blog\/#\/schema\/person\/image\/\",\"url\":\"https:\/\/secure.gravatar.com\/avatar\/?s=96&d=mm&r=g\",\"contentUrl\":\"https:\/\/secure.gravatar.com\/avatar\/?s=96&d=mm&r=g\",\"caption\":\"Lightingspain\"},\"url\":\"https:\/\/lightingspain.com\/blog\/author\/lightingspain\/\"}]}<\/script>\n<!-- \/ Yoast SEO plugin. -->","yoast_head_json":{"title":"Temperaturas de color led \u00bfQu\u00e9 color debo usar? | LighthingSpain","description":"\u00bfPor qu\u00e9 es importante la temperatura de color led y cu\u00e1l es la adecuada a usar en casa espacio o momento? Te lo contamos todo aqu\u00ed.","robots":{"index":"index","follow":"follow","max-snippet":"max-snippet:-1","max-image-preview":"max-image-preview:large","max-video-preview":"max-video-preview:-1"},"canonical":"https:\/\/lightingspain.com\/blog\/temperatura-color-led\/","og_locale":"es_ES","og_type":"article","og_title":"Temperaturas de color led \u00bfQu\u00e9 color debo usar? | LighthingSpain","og_description":"\u00bfPor qu\u00e9 es importante la temperatura de color led y cu\u00e1l es la adecuada a usar en casa espacio o momento? Te lo contamos todo aqu\u00ed.","og_url":"https:\/\/lightingspain.com\/blog\/temperatura-color-led\/","og_site_name":"Blog lightingspain","article_published_time":"2025-01-04T13:14:55+00:00","article_modified_time":"2025-03-20T09:34:05+00:00","og_image":[{"width":500,"height":340,"url":"https:\/\/lightingspain.com\/blog\/wp-content\/uploads\/2018\/10\/Alive-LedsC4-Lampara-colgante-e1742463240209.jpg","type":"image\/jpeg"}],"author":"Lightingspain","twitter_card":"summary_large_image","twitter_misc":{"Escrito por":"Lightingspain","Tiempo de lectura":"5 minutos"},"schema":{"@context":"https:\/\/schema.org","@graph":[{"@type":"WebPage","@id":"https:\/\/lightingspain.com\/blog\/temperatura-color-led\/","url":"https:\/\/lightingspain.com\/blog\/temperatura-color-led\/","name":"Temperaturas de color led \u00bfQu\u00e9 color debo usar? | LighthingSpain","isPartOf":{"@id":"https:\/\/lightingspain.com\/blog\/#website"},"primaryImageOfPage":{"@id":"https:\/\/lightingspain.com\/blog\/temperatura-color-led\/#primaryimage"},"image":{"@id":"https:\/\/lightingspain.com\/blog\/temperatura-color-led\/#primaryimage"},"thumbnailUrl":"https:\/\/lightingspain.com\/blog\/wp-content\/uploads\/2018\/10\/Alive-LedsC4-Lampara-colgante-e1742463240209.jpg","datePublished":"2025-01-04T13:14:55+00:00","dateModified":"2025-03-20T09:34:05+00:00","author":{"@id":"https:\/\/lightingspain.com\/blog\/#\/schema\/person\/f151c75014f33473ada8d83e3d2c43b7"},"description":"\u00bfPor qu\u00e9 es importante la temperatura de color led y cu\u00e1l es la adecuada a usar en casa espacio o momento? Te lo contamos todo aqu\u00ed.","breadcrumb":{"@id":"https:\/\/lightingspain.com\/blog\/temperatura-color-led\/#breadcrumb"},"inLanguage":"es","potentialAction":[{"@type":"ReadAction","target":["https:\/\/lightingspain.com\/blog\/temperatura-color-led\/"]}]},{"@type":"ImageObject","inLanguage":"es","@id":"https:\/\/lightingspain.com\/blog\/temperatura-color-led\/#primaryimage","url":"https:\/\/lightingspain.com\/blog\/wp-content\/uploads\/2018\/10\/Alive-LedsC4-Lampara-colgante-e1742463240209.jpg","contentUrl":"https:\/\/lightingspain.com\/blog\/wp-content\/uploads\/2018\/10\/Alive-LedsC4-Lampara-colgante-e1742463240209.jpg","width":500,"height":340,"caption":"Alive LedsC4 L\u00e1mpara colgante"},{"@type":"BreadcrumbList","@id":"https:\/\/lightingspain.com\/blog\/temperatura-color-led\/#breadcrumb","itemListElement":[{"@type":"ListItem","position":1,"name":"Portada","item":"https:\/\/lightingspain.com\/blog\/"},{"@type":"ListItem","position":2,"name":"Temperaturas de color LED, \u00bfQu\u00e9 color debo usar?"}]},{"@type":"WebSite","@id":"https:\/\/lightingspain.com\/blog\/#website","url":"https:\/\/lightingspain.com\/blog\/","name":"Blog lightingspain","description":"Otro sitio realizado con WordPress","potentialAction":[{"@type":"SearchAction","target":{"@type":"EntryPoint","urlTemplate":"https:\/\/lightingspain.com\/blog\/?s={search_term_string}"},"query-input":{"@type":"PropertyValueSpecification","valueRequired":true,"valueName":"search_term_string"}}],"inLanguage":"es"},{"@type":"Person","@id":"https:\/\/lightingspain.com\/blog\/#\/schema\/person\/f151c75014f33473ada8d83e3d2c43b7","name":"Lightingspain","image":{"@type":"ImageObject","inLanguage":"es","@id":"https:\/\/lightingspain.com\/blog\/#\/schema\/person\/image\/","url":"https:\/\/secure.gravatar.com\/avatar\/?s=96&d=mm&r=g","contentUrl":"https:\/\/secure.gravatar.com\/avatar\/?s=96&d=mm&r=g","caption":"Lightingspain"},"url":"https:\/\/lightingspain.com\/blog\/author\/lightingspain\/"}]}},"_links":{"self":[{"href":"https:\/\/lightingspain.com\/blog\/wp-json\/wp\/v2\/posts\/1195"}],"collection":[{"href":"https:\/\/lightingspain.com\/blog\/wp-json\/wp\/v2\/posts"}],"about":[{"href":"https:\/\/lightingspain.com\/blog\/wp-json\/wp\/v2\/types\/post"}],"author":[{"embeddable":true,"href":"https:\/\/lightingspain.com\/blog\/wp-json\/wp\/v2\/users\/2"}],"replies":[{"embeddable":true,"href":"https:\/\/lightingspain.com\/blog\/wp-json\/wp\/v2\/comments?post=1195"}],"version-history":[{"count":10,"href":"https:\/\/lightingspain.com\/blog\/wp-json\/wp\/v2\/posts\/1195\/revisions"}],"predecessor-version":[{"id":5371,"href":"https:\/\/lightingspain.com\/blog\/wp-json\/wp\/v2\/posts\/1195\/revisions\/5371"}],"wp:featuredmedia":[{"embeddable":true,"href":"https:\/\/lightingspain.com\/blog\/wp-json\/wp\/v2\/media\/5108"}],"wp:attachment":[{"href":"https:\/\/lightingspain.com\/blog\/wp-json\/wp\/v2\/media?parent=1195"}],"wp:term":[{"taxonomy":"category","embeddable":true,"href":"https:\/\/lightingspain.com\/blog\/wp-json\/wp\/v2\/categories?post=1195"},{"taxonomy":"post_tag","embeddable":true,"href":"https:\/\/lightingspain.com\/blog\/wp-json\/wp\/v2\/tags?post=1195"}],"curies":[{"name":"wp","href":"https:\/\/api.w.org\/{rel}","templated":true}]}}